{"id":28141,"date":"2025-12-11T16:21:39","date_gmt":"2025-12-11T16:21:39","guid":{"rendered":"https:\/\/breezy.band\/przyszlosc-cyrkularnego-it-kluczowe-spostrzezenia-z-retech-days-business-2025\/"},"modified":"2025-12-11T17:30:53","modified_gmt":"2025-12-11T17:30:53","slug":"przyszlosc-cyrkularnego-it-kluczowe-spostrzezenia-z-retech-days-business-2025","status":"publish","type":"post","link":"https:\/\/breezy.band\/pl-pl\/przyszlosc-cyrkularnego-it-kluczowe-spostrzezenia-z-retech-days-business-2025\/","title":{"rendered":"Przysz\u0142o\u015b\u0107 cyrkularnego IT: kluczowe spostrze\u017cenia z Retech Days Business 2025"},"content":{"rendered":"\n<p>27 listopada <strong>Breezy<\/strong> odwiedzi\u0142 <strong><a href=\"https:\/\/conferences.dataxis.com\/retech-days-business\/\">Retech Days Business 2025<\/a><\/strong> &#8211; jedno z kluczowych wydarze\u0144 w bran\u017cy IT i zr\u00f3wnowa\u017conej elektroniki.<br\/>Nasza kole\u017canka <strong>Maria Yanchenko<\/strong> wzi\u0119\u0142a udzia\u0142 w dyskusji panelowej na temat wyd\u0142u\u017cenia cyklu \u017cycia urz\u0105dze\u0144, zarz\u0105dzania sprz\u0119tem wycofanym z eksploatacji, standaryzacji jako\u015bci i budowania zaufania do odnowionych urz\u0105dze\u0144.<\/p>\n\n<p>Dla tych, kt\u00f3rzy nie mogli do\u0142\u0105czy\u0107, dzielimy si\u0119 najwa\u017cniejszymi wnioskami, kt\u00f3re rezonuj\u0105 z tym, co robimy w Breezy.<\/p>\n\n<h2 class=\"wp-block-heading\"><strong>1. <strong>Pi\u0119tno urz\u0105dze\u0144 u\u017cywanych jest wci\u0105\u017c \u017cywe &#8211; a rynek uczy si\u0119 z nim pracowa\u0107<\/strong><\/strong><\/h2>\n\n<p>Panel &#8220;Jak poradzi\u0107 sobie z pi\u0119tnem u\u017cywanego sprz\u0119tu: Zaufanie konsument\u00f3w, klasyfikacja i zapewnienie jako\u015bci&#8221; dyskutowano o tym, dlaczego nawet przy rosn\u0105cej \u015bwiadomo\u015bci u\u017cytkownicy nadal ostro\u017cnie podchodz\u0105 do odnowionego sprz\u0119tu.<\/p>\n\n<blockquote class=\"wp-block-quote is-layout-flow wp-block-quote-is-layout-flow\">\n<p>Wed\u0142ug <strong>Simone Sievernich, General Manager Hard Goods, eBay<\/strong>:<em>&#8220;\u015awiadomo\u015b\u0107 ro\u015bnie, ale wci\u0105\u017c jest stosunkowo niska&#8230;. Je\u015bli kto\u015b nie ma dobrych do\u015bwiadcze\u0144, automatycznie postrzega zakup u\u017cywanego urz\u0105dzenia jako bardziej ryzykowny ni\u017c zakup nowego&#8221;.<\/em><\/p>\n<\/blockquote>\n\n<p>Simone podkre\u015bla, \u017ce kupuj\u0105cy ocenia ryzyko, zanim dostrze\u017ce korzy\u015bci. Zadaniem rynku jest umo\u017cliwienie zarz\u0105dzania tym ryzykiem. Dlatego eBay rozwija program eBay Refurbished, kt\u00f3ry dopuszcza tylko zweryfikowanych sprzedawc\u00f3w i znormalizowan\u0105 jako\u015b\u0107.    <\/p>\n\n<h2 class=\"wp-block-heading\"><strong>2 <strong>Bez standaryzacji klasyfikacji rynek nie b\u0119dzie w stanie si\u0119 rozwija\u0107<\/strong>.<\/strong><\/h2>\n\n<p>Ten sam panel aktywnie dyskutowa\u0142 o potrzebie ujednoliconych ram koncepcyjnych do oceny stanu urz\u0105dze\u0144: <strong><em>&#8220;<\/em><\/strong><em>Standaryzacja powinna sta\u0107 si\u0119 lingua franca dla ca\u0142ego rynku odnowionego sprz\u0119tu&#8230;. Jest to bardzo potrzebne&#8221;.<\/em><\/p>\n\n<p>Obecnie oceny A\/B\/C r\u00f3\u017cni\u0105 si\u0119 w zale\u017cno\u015bci od sprzedawcy. To niszczy zaufanie. W Breezy nigdy nie przestajemy powtarza\u0107, \u017ce stworzenie og\u00f3lnobran\u017cowego standardu jest jednym z g\u0142\u00f3wnych krok\u00f3w do dojrza\u0142o\u015bci rynku.    <\/p>\n\n<h2 class=\"wp-block-heading\"><strong>3. <strong>Nie tylko cena, ale tak\u017ce przejrzysto\u015b\u0107 tworzy warto\u015b\u0107 dla konsumenta.<\/strong><\/strong><\/h2>\n\n<blockquote class=\"wp-block-quote is-layout-flow wp-block-quote-is-layout-flow\">\n<p><strong>Jak<\/strong> zauwa\u017cy\u0142a <strong>Alexandra Asanache, Sustainability Solutions Consultant, Lenovo<\/strong>: <em>&#8220;Cena przyci\u0105ga uwag\u0119, gwarancja tworzy poczucie bezpiecze\u0144stwa, a dok\u0142adno\u015b\u0107 klasyfikacji i przejrzysta komunikacja buduj\u0105 zaufanie&#8221;.<\/em><\/p>\n<\/blockquote>\n\n<p>Oleksandra powiedzia\u0142a, \u017ce Lenovo aktywnie rozwija podej\u015bcie cyrkularne: aktualizuje urz\u0105dzenia we w\u0142asnych zak\u0142adach, wymienia baterie poni\u017cej 80% pojemno\u015bci, maluje obudowy, przeprowadza do 35 test\u00f3w i zwraca sprz\u0119t klientowi z now\u0105 gwarancj\u0105.<\/p>\n\n<p>Jest to \u017cywy przyk\u0142ad tego, jak producenci staj\u0105 si\u0119 aktywnymi uczestnikami rynku ponownego wykorzystania &#8211; a nie tylko obserwatorami.<\/p>\n\n<p>Wielu uczestnik\u00f3w podkre\u015bla\u0142o, \u017ce firmy chc\u0105 widzie\u0107, co dzieje si\u0119 z urz\u0105dzeniem od momentu jego przekazania do recyklingu lub odsprzeda\u017cy.<\/p>\n\n<p>Jak zauwa\u017cy\u0142 jeden z prelegent\u00f3w: <em>&#8220;<\/em><em>Zazwyczaj procesy ITAD s\u0105 <\/em><em>do\u015b\u0107 z\u0142o\u017cone<\/em><em>, fragmentaryczne<\/em><em>, <\/em><em>d\u0142ugie&#8230; <\/em><em>Klienci czekaj\u0105 tygodniami nie wiedz\u0105c <\/em><em>, co dzieje si\u0119 z ich urz\u0105dzeniami&#8221;<\/em><em>.<\/em><\/p>\n\n<p>Pojawienie si\u0119 platform czasu rzeczywistego rozwi\u0105zuje te problemy: firma widzi status ka\u017cdego kroku, utrwalanie zdj\u0119\u0107, automatyczne przechwytywanie MDM, \u015bcie\u017cki audytu i dokumenty zgodno\u015bci.<\/p>\n\n<h2 class=\"wp-block-heading\"><strong>4. <strong>Zr\u00f3wnowa\u017cony rozw\u00f3j nie jest ju\u017c g\u0142\u00f3wn\u0105 si\u0142\u0105 nap\u0119dow\u0105<\/strong><\/strong><\/h2>\n\n<p>W ci\u0105gu ostatniego roku motywacja ESG w sektorze korporacyjnym spad\u0142a, ale motywacja ekonomiczna wzros\u0142a. Jak m\u00f3wi <strong>Andriy Kosar, CEO Breezy<\/strong>: <em>&#8220;Najpierw ekonomia, potem ekologia.<\/em>  <\/p>\n\n<blockquote class=\"wp-block-quote is-layout-flow wp-block-quote-is-layout-flow\">\n<p>Jak zauwa\u017cy\u0142 jeden z uczestnik\u00f3w: <em>&#8220;Zr\u00f3wnowa\u017cony rozw\u00f3j nie jest ju\u017c priorytetem&#8230; Cena i jako\u015b\u0107 s\u0105 dzi\u015b znacznie wa\u017cniejsze ni\u017c rok temu&#8221;.<\/em><\/p>\n<\/blockquote>\n\n<p>I wszyscy si\u0119 z tym zgadzaj\u0105: Agenda ESG powr\u00f3ci &#8211; ze wzgl\u0119du na regulacje rz\u0105dowe i presj\u0119 inwestor\u00f3w.<\/p>\n\n<h2 class=\"wp-block-heading\"><strong>5. Pi\u0119\u0107 <strong>miliard\u00f3w niepotrzebnych urz\u0105dze\u0144 to ogromny zas\u00f3b dla bran\u017cy<\/strong><\/strong><\/h2>\n\n<div class=\"wp-block-media-text is-stacked-on-mobile\"><figure class=\"wp-block-media-text__media\"><img loading=\"lazy\" decoding=\"async\" width=\"819\" height=\"1024\" src=\"https:\/\/breezy.band\/wp-content\/uploads\/2025\/12\/retech-breezy-dormant-phones-1-819x1024.jpg\" alt=\"\" class=\"wp-image-27985 size-full\" srcset=\"https:\/\/breezy.band\/wp-content\/uploads\/2025\/12\/retech-breezy-dormant-phones-1-819x1024.jpg 819w, https:\/\/breezy.band\/wp-content\/uploads\/2025\/12\/retech-breezy-dormant-phones-1-240x300.jpg 240w, https:\/\/breezy.band\/wp-content\/uploads\/2025\/12\/retech-breezy-dormant-phones-1-768x960.jpg 768w, https:\/\/breezy.band\/wp-content\/uploads\/2025\/12\/retech-breezy-dormant-phones-1.jpg 1200w\" sizes=\"auto, (max-width: 819px) 100vw, 819px\" \/><\/figure><div class=\"wp-block-media-text__content\">\n<p>Wed\u0142ug <strong>Conora Dempseya, starszego dyrektora GSMA <\/strong>Services &amp; GSMA Intelligence, w szafkach nocnych znajduje si\u0119 5 miliard\u00f3w smartfon\u00f3w.<\/p>\n\n\n\n<p>Zawieraj\u0105 one:<\/p>\n\n\n\n<p><strong>100 <\/strong><strong>ton z\u0142ota<\/strong><\/p>\n\n\n\n<p><strong>50,000 <\/strong><strong>\u0442<\/strong><strong> <\/strong><strong>miedzi, <\/strong>  <\/p>\n\n\n\n<p><strong>500<\/strong><strong> \u0442<\/strong><strong> <\/strong><strong>srebra<\/strong><\/p>\n\n\n\n<p>Jest to cenny, niewykorzystany zas\u00f3b.<\/p>\n<\/div><\/div>\n\n<p><\/p>\n\n<p><em>&#8220;Je\u015bli uda nam si\u0119 odzyska\u0107 nawet 1% tych urz\u0105dze\u0144, b\u0119dzie to 50 milion\u00f3w telefon\u00f3w&#8221; &#8211;<\/em> powiedzia\u0142 <strong>Conor<\/strong>.<\/p>\n\n<p>Wyd\u0142u\u017cenie cyklu \u017cycia smartfon\u00f3w znajduj\u0105cych si\u0119 obecnie w obiegu pomog\u0142oby zmniejszy\u0107 emisj\u0119 CO2 o <strong>21,4 mln ton rocznie<\/strong>. Taki efekt ekologiczny odpowiada wycofaniu z ruchu <strong>4,2 miliona samochod\u00f3w<\/strong>.   <\/p>\n\n<figure class=\"wp-block-image size-large\"><img loading=\"lazy\" decoding=\"async\" width=\"1024\" height=\"576\" src=\"https:\/\/breezy.band\/wp-content\/uploads\/2025\/12\/retech-breezy-infographic-1-1024x576.jpg\" alt=\"\" class=\"wp-image-28003\" srcset=\"https:\/\/breezy.band\/wp-content\/uploads\/2025\/12\/retech-breezy-infographic-1-1024x576.jpg 1024w, https:\/\/breezy.band\/wp-content\/uploads\/2025\/12\/retech-breezy-infographic-1-300x169.jpg 300w, https:\/\/breezy.band\/wp-content\/uploads\/2025\/12\/retech-breezy-infographic-1-768x432.jpg 768w, https:\/\/breezy.band\/wp-content\/uploads\/2025\/12\/retech-breezy-infographic-1-1536x864.jpg 1536w, https:\/\/breezy.band\/wp-content\/uploads\/2025\/12\/retech-breezy-infographic-1-426x240.jpg 426w, https:\/\/breezy.band\/wp-content\/uploads\/2025\/12\/retech-breezy-infographic-1.jpg 1920w\" sizes=\"auto, (max-width: 1024px) 100vw, 1024px\" \/><\/figure>\n\n<p>Recykling jednego telefonu kom\u00f3rkowego pozwala zaoszcz\u0119dzi\u0107 energi\u0119 wystarczaj\u0105c\u0105 do \u0142adowania laptopa przez <strong>40 godzin.<\/strong><\/p>\n\n<p>Jest to ogromna ilo\u015b\u0107 materia\u0142\u00f3w, potencja\u0142u w\u0119glowego i warto\u015bci ekonomicznej, kt\u00f3ra pozostaje niewykorzystana do dzi\u015b.<\/p>\n\n<figure class=\"wp-block-image size-large\"><img loading=\"lazy\" decoding=\"async\" width=\"1024\" height=\"576\" src=\"https:\/\/breezy.band\/wp-content\/uploads\/2025\/12\/retech-breezy-recycling-1-1-1024x576.jpg\" alt=\"\" class=\"wp-image-28075\" srcset=\"https:\/\/breezy.band\/wp-content\/uploads\/2025\/12\/retech-breezy-recycling-1-1-1024x576.jpg 1024w, https:\/\/breezy.band\/wp-content\/uploads\/2025\/12\/retech-breezy-recycling-1-1-300x169.jpg 300w, https:\/\/breezy.band\/wp-content\/uploads\/2025\/12\/retech-breezy-recycling-1-1-768x432.jpg 768w, https:\/\/breezy.band\/wp-content\/uploads\/2025\/12\/retech-breezy-recycling-1-1-1536x864.jpg 1536w, https:\/\/breezy.band\/wp-content\/uploads\/2025\/12\/retech-breezy-recycling-1-1-426x240.jpg 426w, https:\/\/breezy.band\/wp-content\/uploads\/2025\/12\/retech-breezy-recycling-1-1.jpg 1920w\" sizes=\"auto, (max-width: 1024px) 100vw, 1024px\" \/><\/figure>\n\n<h2 class=\"wp-block-heading\"><strong>6. <strong>Bezpiecze\u0144stwo danych jest g\u0142\u00f3wnym zmartwieniem klient\u00f3w korporacyjnych<\/strong><\/strong><\/h2>\n\n<p>Wielu prelegent\u00f3w zauwa\u017cy\u0142o, \u017ce firmy wci\u0105\u017c nie doceniaj\u0105 ryzyka zwi\u0105zanego z bezpieczn\u0105 utylizacj\u0105 sprz\u0119tu.<\/p>\n\n<p>Na przyk\u0142ad rozdrabnianie nie zawsze gwarantuje bezpiecze\u0144stwo: wiele mikrouk\u0142ad\u00f3w jest mniejszych ni\u017c standardowy rozmiar fragmentu, a dane mo\u017cna odzyska\u0107 z du\u017cych fragment\u00f3w.<\/p>\n\n<p>Dlatego te\u017c rynek przesuwa si\u0119 w kierunku certyfikowanego usuwania danych, szczeg\u00f3\u0142owych \u015bcie\u017cek audytu i \u015bcis\u0142ej kontroli \u0142a\u0144cuch\u00f3w transmisji urz\u0105dze\u0144.<\/p>\n\n<p>Jednak nie wszystkie firmy maj\u0105 takie samo zdanie na temat znaczenia usuwania danych. Jak trafnie zauwa\u017cy\u0142a <strong>Maria Yanchenko, Head of B2B Trade-in<\/strong> w Breezy: <\/p>\n\n<div class=\"wp-block-media-text is-stacked-on-mobile\"><figure class=\"wp-block-media-text__media\"><img loading=\"lazy\" decoding=\"async\" width=\"769\" height=\"1024\" src=\"https:\/\/breezy.band\/wp-content\/uploads\/2025\/12\/retech-maria-yanchenko-1-769x1024.jpeg\" alt=\"\" class=\"wp-image-28093 size-full\" srcset=\"https:\/\/breezy.band\/wp-content\/uploads\/2025\/12\/retech-maria-yanchenko-1-769x1024.jpeg 769w, https:\/\/breezy.band\/wp-content\/uploads\/2025\/12\/retech-maria-yanchenko-1-225x300.jpeg 225w, https:\/\/breezy.band\/wp-content\/uploads\/2025\/12\/retech-maria-yanchenko-1-768x1023.jpeg 768w, https:\/\/breezy.band\/wp-content\/uploads\/2025\/12\/retech-maria-yanchenko-1.jpeg 961w\" sizes=\"auto, (max-width: 769px) 100vw, 769px\" \/><\/figure><div class=\"wp-block-media-text__content\">\n<p><em>&#8220;Je\u015bli spojrze\u0107 na rynek jako ca\u0142o\u015b\u0107, to idealnie pod\u0105\u017ca on za krzyw\u0105 Gaussa.  <\/em><\/p>\n\n\n\n<p><em>Z jednej strony istnieje kilka firm, kt\u00f3re s\u0105 wyj\u0105tkowo niedba\u0142e o bezpiecze\u0144stwo danych. Czasami otrzymujemy urz\u0105dzenia, w kt\u00f3rych nawet okno firmowej poczty e-mail nie zosta\u0142o zamkni\u0119te.   <br\/><\/em><\/p>\n\n\n\n<p><em>Z drugiej strony istniej\u0105 firmy o \u015bci\u015ble regulowanych zasadach i surowych wymogach zgodno\u015bci, w kt\u00f3rych ka\u017cdy etap usuwania danych jest jasno <\/em>okre\u015blony.<\/p>\n\n\n\n<p><em><br\/><\/em><\/p>\n<\/div><\/div>\n\n<p><em><em>Ale wi\u0119kszo\u015b\u0107 z nich znajduje si\u0119 po\u015brodku: firmy te chc\u0105 po prostu mie\u0107 pewno\u015b\u0107, \u017ce ich dane nie wpadn\u0105 w niepowo\u0142ane r\u0119ce i nie s\u0105 szczeg\u00f3lnie zainteresowane szczeg\u00f3\u0142ami technicznymi tego procesu&#8221;.<\/em><\/em><\/p>\n\n<h2 class=\"wp-block-heading\"><strong>7. <strong>Ewolucja korporacyjnego podej\u015bcia do technologii ko\u0144ca \u017cycia<\/strong><\/strong><\/h2>\n\n<p>W ostatnich latach podej\u015bcie firm do zarz\u0105dzania sprz\u0119tem wycofanym z eksploatacji znacznie si\u0119 zmieni\u0142o.<\/p>\n\n<p>Wed\u0142ug <strong>Marii Yanchenko<\/strong>, &#8220;<em>Coraz wi\u0119cej organizacji zaczyna budowa\u0107 ustrukturyzowane procesy ITAD, od przydzielania zespo\u0142\u00f3w do tworzenia wewn\u0119trznych procedur i oceny wydajno\u015bci. Wiele firm odchodzi od przechowywania nieodebranych urz\u0105dze\u0144 na rzecz program\u00f3w wymiany lub ekologicznego recyklingu. Obserwujemy r\u00f3wnie\u017c wi\u0119ksz\u0105 interakcj\u0119 mi\u0119dzy dzia\u0142ami IT a zespo\u0142ami ds. zr\u00f3wnowa\u017conego rozwoju: modernizacja sprz\u0119tu staje si\u0119 nie tylko konieczno\u015bci\u0105 techniczn\u0105, ale tak\u017ce strategicznym elementem wydajno\u015bci biznesowej.    <\/em>&#8220;<\/p>\n\n<figure class=\"wp-block-image size-large\"><img loading=\"lazy\" decoding=\"async\" width=\"1024\" height=\"576\" src=\"https:\/\/breezy.band\/wp-content\/uploads\/2025\/12\/retech-business-breezy-1-1-1024x576.jpeg\" alt=\"\" class=\"wp-image-28039\" srcset=\"https:\/\/breezy.band\/wp-content\/uploads\/2025\/12\/retech-business-breezy-1-1-1024x576.jpeg 1024w, https:\/\/breezy.band\/wp-content\/uploads\/2025\/12\/retech-business-breezy-1-1-300x169.jpeg 300w, https:\/\/breezy.band\/wp-content\/uploads\/2025\/12\/retech-business-breezy-1-1-768x432.jpeg 768w, https:\/\/breezy.band\/wp-content\/uploads\/2025\/12\/retech-business-breezy-1-1-1536x864.jpeg 1536w, https:\/\/breezy.band\/wp-content\/uploads\/2025\/12\/retech-business-breezy-1-1-2048x1152.jpeg 2048w, https:\/\/breezy.band\/wp-content\/uploads\/2025\/12\/retech-business-breezy-1-1-426x240.jpeg 426w\" sizes=\"auto, (max-width: 1024px) 100vw, 1024px\" \/><\/figure>\n\n<p>Maria zwr\u00f3ci\u0142a r\u00f3wnie\u017c uwag\u0119 na g\u0142\u00f3wne wyzwania stoj\u0105ce przed firmami na drodze do dojrza\u0142ych proces\u00f3w:<\/p>\n\n<p>&#8220;<em>Dla tych, kt\u00f3rzy dopiero zaczynaj\u0105, g\u0142\u00f3wnymi trudno\u015bciami s\u0105 brak zasad, brak wiedzy specjalistycznej, brak przejrzysto\u015bci w ksi\u0119gowaniu urz\u0105dze\u0144 i niepewno\u015b\u0107 co do tego, kiedy sprz\u0119t naprawd\u0119 wymaga wymiany. Wiele firm nadal nie \u015bledzi numer\u00f3w seryjnych, co utrudnia odpisanie sprz\u0119tu i prowadzi do dodatkowych koszt\u00f3w   <\/em>.&#8221;<\/p>\n\n<p>Przedstawi\u0142a te\u017c kluczowe kryterium dla partner\u00f3w zewn\u0119trznych:<\/p>\n\n<p>&#8220;<em>Wi\u0119kszo\u015b\u0107 firm chce tylko jednego: mie\u0107 pewno\u015b\u0107, \u017ce ich dane nie wpadn\u0105 w niepowo\u0142ane r\u0119ce. Nie ka\u017cdy dba o szczeg\u00f3\u0142y samej technologii, ale ka\u017cdy chce mie\u0107 gwarancje bezpiecze\u0144stwa, identyfikowalno\u015bci i certyfikowanego usuwania danych   <\/em>.&#8221;  <\/p>\n\n<p>Dlatego w Breezy staramy si\u0119 zbudowa\u0107 <a href=\"https:\/\/breezy.band\/pl-pl\/buyback-for-business\/\">kompleksowy proces odkupu sprz\u0119tu od firm<\/a>, tak aby ka\u017cda firma mog\u0142a wygodnie korzysta\u0107 z us\u0142ugi, niezale\u017cnie od wewn\u0119trznych procedur, dost\u0119pno\u015bci specjalist\u00f3w ds. zarz\u0105dzania sprz\u0119tem czy wymaga\u0144 dotycz\u0105cych certyfikowanego usuwania danych.<\/p>\n\n<h2 class=\"wp-block-heading\"><strong>8. <strong>8. dok\u0105d zmierza bran\u017ca: us\u0142ugi, standardy i prostota<\/strong><\/strong><\/h2>\n\n<p>W\u015br\u00f3d prelegent\u00f3w panowa\u0142 rzadki konsensus:<\/p>\n\n<ul class=\"wp-block-list\">\n<li>Przysz\u0142o\u015b\u0107 le\u017cy w modelach us\u0142ugowych<strong> (DaaS, wynajem, subskrypcja<\/strong>)<\/li>\n\n\n\n<li>potrzebna jest jednolita terminologia jako\u015bci i<strong> jednolite standardy <\/strong><strong>klasyfikacji<\/strong><\/li>\n\n\n\n<li>Kluczem do zaufania jest<strong> prostota i przejrzysto\u015b\u0107<\/strong><\/li>\n\n\n\n<li><strong>Duzi detali\u015bci i operatorzy telekomunikacyjni <\/strong>b\u0119d\u0105 nap\u0119dza\u0107 rynek<\/li>\n\n\n\n<li><strong>Rozporz\u0105dzenie UE <\/strong>w sprawie gospodarki o obiegu zamkni\u0119tym b\u0119dzie katalizatorem wzrostu gospodarczego<\/li>\n<\/ul>\n\n<h2 class=\"wp-block-heading\"><strong>Co to oznacza dla rynku<\/strong><\/h2>\n\n<ul class=\"wp-block-list\">\n<li>Rynek szybko dojrzewa i zmierza w kierunku zr\u00f3wnowa\u017conych i ekonomicznych modeli<\/li>\n\n\n\n<li>Przejrzyste procesy, pe\u0142na identyfikowalno\u015b\u0107 i gwarancje bezpiecze\u0144stwa s\u0105 konieczno\u015bci\u0105.<\/li>\n\n\n\n<li>Urz\u0105dzenia staj\u0105 si\u0119 cz\u0119\u015bci\u0105 strategii ESG firm<\/li>\n\n\n\n<li>Zapotrzebowanie na d\u0142u\u017csz\u0105 \u017cywotno\u015b\u0107 sprz\u0119tu wci\u0105\u017c ro\u015bnie<\/li>\n<\/ul>\n\n<p>Breezy znajduje si\u0119 w punkcie, w kt\u00f3rym zbiegaj\u0105 si\u0119 interesy IT, finans\u00f3w i zr\u00f3wnowa\u017conego rozwoju. Nieustannie opracowujemy rozwi\u0105zania, kt\u00f3re u\u0142atwiaj\u0105 firmom korzystanie z technologii w spos\u00f3b bardziej odpowiedzialny, bezpieczny i wydajny.   <br\/>Nasz udzia\u0142 w Retech Days po raz kolejny pokaza\u0142, \u017ce nasza wizja jest w pe\u0142ni zgodna z przysz\u0142o\u015bci\u0105 bran\u017cy.<\/p>\n\n<p><\/p>\n","protected":false},"excerpt":{"rendered":"<p>27 listopada Breezy odwiedzi\u0142 Retech Days Business 2025 &#8211; jedno z kluczowych wydarze\u0144 w bran\u017cy IT i zr\u00f3wnowa\u017conej elektroniki.Nasza kole\u017canka Maria Yanchenko wzi\u0119\u0142a udzia\u0142 w dyskusji panelowej na temat wyd\u0142u\u017cenia cyklu \u017cycia urz\u0105dze\u0144, zarz\u0105dzania sprz\u0119tem wycofanym z eksploatacji, standaryzacji jako\u015bci i budowania zaufania do odnowionych urz\u0105dze\u0144. Dla tych, kt\u00f3rzy nie mogli do\u0142\u0105czy\u0107, dzielimy si\u0119 najwa\u017cniejszymi&#8230;<\/p>\n","protected":false},"author":1,"featured_media":28073,"comment_status":"closed","ping_status":"closed","sticky":false,"template":"","format":"standard","meta":{"inline_featured_image":false,"footnotes":""},"categories":[495],"tags":[626],"country":[730],"class_list":["post-28141","post","type-post","status-publish","format-standard","has-post-thumbnail","hentry","category-artykul","tag-spostrzezenia","country-all-pl-pl"],"acf":[],"yoast_head":"<!-- This site is optimized with the Yoast SEO plugin v26.9 - https:\/\/yoast.com\/product\/yoast-seo-wordpress\/ -->\n<title>Przysz\u0142o\u015b\u0107 cyrkularnego IT: kluczowe spostrze\u017cenia z Retech Days Business 2025 - Breezy Site<\/title>\n<meta name=\"robots\" content=\"index, follow, max-snippet:-1, max-image-preview:large, max-video-preview:-1\" \/>\n<link rel=\"canonical\" href=\"https:\/\/breezy.band\/pl-pl\/przyszlosc-cyrkularnego-it-kluczowe-spostrzezenia-z-retech-days-business-2025\/\" \/>\n<meta property=\"og:locale\" content=\"pl_PL\" \/>\n<meta property=\"og:type\" content=\"article\" \/>\n<meta property=\"og:title\" content=\"Przysz\u0142o\u015b\u0107 cyrkularnego IT: kluczowe spostrze\u017cenia z Retech Days Business 2025 - Breezy Site\" \/>\n<meta property=\"og:description\" content=\"27 listopada Breezy odwiedzi\u0142 Retech Days Business 2025 &#8211; jedno z kluczowych wydarze\u0144 w bran\u017cy IT i zr\u00f3wnowa\u017conej elektroniki.Nasza kole\u017canka Maria Yanchenko wzi\u0119\u0142a udzia\u0142 w dyskusji panelowej na temat wyd\u0142u\u017cenia cyklu \u017cycia urz\u0105dze\u0144, zarz\u0105dzania sprz\u0119tem wycofanym z eksploatacji, standaryzacji jako\u015bci i budowania zaufania do odnowionych urz\u0105dze\u0144. Dla tych, kt\u00f3rzy nie mogli do\u0142\u0105czy\u0107, dzielimy si\u0119 najwa\u017cniejszymi...\" \/>\n<meta property=\"og:url\" content=\"https:\/\/breezy.band\/pl-pl\/przyszlosc-cyrkularnego-it-kluczowe-spostrzezenia-z-retech-days-business-2025\/\" \/>\n<meta property=\"og:site_name\" content=\"Breezy Site\" \/>\n<meta property=\"article:published_time\" content=\"2025-12-11T16:21:39+00:00\" \/>\n<meta property=\"article:modified_time\" content=\"2025-12-11T17:30:53+00:00\" \/>\n<meta property=\"og:image\" content=\"https:\/\/breezy.band\/wp-content\/uploads\/2025\/12\/retech-business-insights-breezy-1-scaled.jpg\" \/>\n\t<meta property=\"og:image:width\" content=\"2560\" \/>\n\t<meta property=\"og:image:height\" content=\"1435\" \/>\n\t<meta property=\"og:image:type\" content=\"image\/jpeg\" \/>\n<meta name=\"author\" content=\"admin\" \/>\n<meta name=\"twitter:card\" content=\"summary_large_image\" \/>\n<meta name=\"twitter:label1\" content=\"Written by\" \/>\n\t<meta name=\"twitter:data1\" content=\"admin\" \/>\n\t<meta name=\"twitter:label2\" content=\"Est. reading time\" \/>\n\t<meta name=\"twitter:data2\" content=\"7 minutes\" \/>\n<script type=\"application\/ld+json\" class=\"yoast-schema-graph\">{\"@context\":\"https:\/\/schema.org\",\"@graph\":[{\"@type\":\"Article\",\"@id\":\"https:\/\/breezy.band\/pl-pl\/przyszlosc-cyrkularnego-it-kluczowe-spostrzezenia-z-retech-days-business-2025\/#article\",\"isPartOf\":{\"@id\":\"https:\/\/breezy.band\/pl-pl\/przyszlosc-cyrkularnego-it-kluczowe-spostrzezenia-z-retech-days-business-2025\/\"},\"author\":{\"name\":\"admin\",\"@id\":\"https:\/\/breezy.band\/pl-pl\/#\/schema\/person\/dd22f7463383d2f37aa235261e187a3e\"},\"headline\":\"Przysz\u0142o\u015b\u0107 cyrkularnego IT: kluczowe spostrze\u017cenia z Retech Days Business 2025\",\"datePublished\":\"2025-12-11T16:21:39+00:00\",\"dateModified\":\"2025-12-11T17:30:53+00:00\",\"mainEntityOfPage\":{\"@id\":\"https:\/\/breezy.band\/pl-pl\/przyszlosc-cyrkularnego-it-kluczowe-spostrzezenia-z-retech-days-business-2025\/\"},\"wordCount\":1586,\"image\":{\"@id\":\"https:\/\/breezy.band\/pl-pl\/przyszlosc-cyrkularnego-it-kluczowe-spostrzezenia-z-retech-days-business-2025\/#primaryimage\"},\"thumbnailUrl\":\"https:\/\/breezy.band\/wp-content\/uploads\/2025\/12\/retech-business-insights-breezy-1-scaled.jpg\",\"keywords\":[\"Spostrze\u017cenia\"],\"articleSection\":[\"Artyku\u0142\"],\"inLanguage\":\"pl-PL\"},{\"@type\":\"WebPage\",\"@id\":\"https:\/\/breezy.band\/pl-pl\/przyszlosc-cyrkularnego-it-kluczowe-spostrzezenia-z-retech-days-business-2025\/\",\"url\":\"https:\/\/breezy.band\/pl-pl\/przyszlosc-cyrkularnego-it-kluczowe-spostrzezenia-z-retech-days-business-2025\/\",\"name\":\"Przysz\u0142o\u015b\u0107 cyrkularnego IT: kluczowe spostrze\u017cenia z Retech Days Business 2025 - Breezy Site\",\"isPartOf\":{\"@id\":\"https:\/\/breezy.band\/pl-pl\/#website\"},\"primaryImageOfPage\":{\"@id\":\"https:\/\/breezy.band\/pl-pl\/przyszlosc-cyrkularnego-it-kluczowe-spostrzezenia-z-retech-days-business-2025\/#primaryimage\"},\"image\":{\"@id\":\"https:\/\/breezy.band\/pl-pl\/przyszlosc-cyrkularnego-it-kluczowe-spostrzezenia-z-retech-days-business-2025\/#primaryimage\"},\"thumbnailUrl\":\"https:\/\/breezy.band\/wp-content\/uploads\/2025\/12\/retech-business-insights-breezy-1-scaled.jpg\",\"datePublished\":\"2025-12-11T16:21:39+00:00\",\"dateModified\":\"2025-12-11T17:30:53+00:00\",\"author\":{\"@id\":\"https:\/\/breezy.band\/pl-pl\/#\/schema\/person\/dd22f7463383d2f37aa235261e187a3e\"},\"breadcrumb\":{\"@id\":\"https:\/\/breezy.band\/pl-pl\/przyszlosc-cyrkularnego-it-kluczowe-spostrzezenia-z-retech-days-business-2025\/#breadcrumb\"},\"inLanguage\":\"pl-PL\",\"potentialAction\":[{\"@type\":\"ReadAction\",\"target\":[\"https:\/\/breezy.band\/pl-pl\/przyszlosc-cyrkularnego-it-kluczowe-spostrzezenia-z-retech-days-business-2025\/\"]}]},{\"@type\":\"ImageObject\",\"inLanguage\":\"pl-PL\",\"@id\":\"https:\/\/breezy.band\/pl-pl\/przyszlosc-cyrkularnego-it-kluczowe-spostrzezenia-z-retech-days-business-2025\/#primaryimage\",\"url\":\"https:\/\/breezy.band\/wp-content\/uploads\/2025\/12\/retech-business-insights-breezy-1-scaled.jpg\",\"contentUrl\":\"https:\/\/breezy.band\/wp-content\/uploads\/2025\/12\/retech-business-insights-breezy-1-scaled.jpg\",\"width\":2560,\"height\":1435},{\"@type\":\"BreadcrumbList\",\"@id\":\"https:\/\/breezy.band\/pl-pl\/przyszlosc-cyrkularnego-it-kluczowe-spostrzezenia-z-retech-days-business-2025\/#breadcrumb\",\"itemListElement\":[{\"@type\":\"ListItem\",\"position\":1,\"name\":\"Home\",\"item\":\"https:\/\/breezy.band\/pl-pl\/\"},{\"@type\":\"ListItem\",\"position\":2,\"name\":\"Przysz\u0142o\u015b\u0107 cyrkularnego IT: kluczowe spostrze\u017cenia z Retech Days Business 2025\"}]},{\"@type\":\"WebSite\",\"@id\":\"https:\/\/breezy.band\/pl-pl\/#website\",\"url\":\"https:\/\/breezy.band\/pl-pl\/\",\"name\":\"Breezy\",\"description\":\"Breezy\",\"potentialAction\":[{\"@type\":\"SearchAction\",\"target\":{\"@type\":\"EntryPoint\",\"urlTemplate\":\"https:\/\/breezy.band\/pl-pl\/?s={search_term_string}\"},\"query-input\":{\"@type\":\"PropertyValueSpecification\",\"valueRequired\":true,\"valueName\":\"search_term_string\"}}],\"inLanguage\":\"pl-PL\"},{\"@type\":\"Person\",\"@id\":\"https:\/\/breezy.band\/pl-pl\/#\/schema\/person\/dd22f7463383d2f37aa235261e187a3e\",\"name\":\"admin\",\"image\":{\"@type\":\"ImageObject\",\"inLanguage\":\"pl-PL\",\"@id\":\"https:\/\/breezy.band\/pl-pl\/#\/schema\/person\/image\/\",\"url\":\"https:\/\/secure.gravatar.com\/avatar\/56cbfe3aded7b023ab3f0eea30c43566839d74dde145e813f73c6fad05d2dee0?s=96&d=mm&r=g\",\"contentUrl\":\"https:\/\/secure.gravatar.com\/avatar\/56cbfe3aded7b023ab3f0eea30c43566839d74dde145e813f73c6fad05d2dee0?s=96&d=mm&r=g\",\"caption\":\"admin\"},\"url\":\"https:\/\/breezy.band\/pl-pl\/author\/admin\/\"}]}<\/script>\n<!-- \/ Yoast SEO plugin. -->","yoast_head_json":{"title":"Przysz\u0142o\u015b\u0107 cyrkularnego IT: kluczowe spostrze\u017cenia z Retech Days Business 2025 - Breezy Site","robots":{"index":"index","follow":"follow","max-snippet":"max-snippet:-1","max-image-preview":"max-image-preview:large","max-video-preview":"max-video-preview:-1"},"canonical":"https:\/\/breezy.band\/pl-pl\/przyszlosc-cyrkularnego-it-kluczowe-spostrzezenia-z-retech-days-business-2025\/","og_locale":"pl_PL","og_type":"article","og_title":"Przysz\u0142o\u015b\u0107 cyrkularnego IT: kluczowe spostrze\u017cenia z Retech Days Business 2025 - Breezy Site","og_description":"27 listopada Breezy odwiedzi\u0142 Retech Days Business 2025 &#8211; jedno z kluczowych wydarze\u0144 w bran\u017cy IT i zr\u00f3wnowa\u017conej elektroniki.Nasza kole\u017canka Maria Yanchenko wzi\u0119\u0142a udzia\u0142 w dyskusji panelowej na temat wyd\u0142u\u017cenia cyklu \u017cycia urz\u0105dze\u0144, zarz\u0105dzania sprz\u0119tem wycofanym z eksploatacji, standaryzacji jako\u015bci i budowania zaufania do odnowionych urz\u0105dze\u0144. Dla tych, kt\u00f3rzy nie mogli do\u0142\u0105czy\u0107, dzielimy si\u0119 najwa\u017cniejszymi...","og_url":"https:\/\/breezy.band\/pl-pl\/przyszlosc-cyrkularnego-it-kluczowe-spostrzezenia-z-retech-days-business-2025\/","og_site_name":"Breezy Site","article_published_time":"2025-12-11T16:21:39+00:00","article_modified_time":"2025-12-11T17:30:53+00:00","og_image":[{"width":2560,"height":1435,"url":"https:\/\/breezy.band\/wp-content\/uploads\/2025\/12\/retech-business-insights-breezy-1-scaled.jpg","type":"image\/jpeg"}],"author":"admin","twitter_card":"summary_large_image","twitter_misc":{"Written by":"admin","Est. reading time":"7 minutes"},"schema":{"@context":"https:\/\/schema.org","@graph":[{"@type":"Article","@id":"https:\/\/breezy.band\/pl-pl\/przyszlosc-cyrkularnego-it-kluczowe-spostrzezenia-z-retech-days-business-2025\/#article","isPartOf":{"@id":"https:\/\/breezy.band\/pl-pl\/przyszlosc-cyrkularnego-it-kluczowe-spostrzezenia-z-retech-days-business-2025\/"},"author":{"name":"admin","@id":"https:\/\/breezy.band\/pl-pl\/#\/schema\/person\/dd22f7463383d2f37aa235261e187a3e"},"headline":"Przysz\u0142o\u015b\u0107 cyrkularnego IT: kluczowe spostrze\u017cenia z Retech Days Business 2025","datePublished":"2025-12-11T16:21:39+00:00","dateModified":"2025-12-11T17:30:53+00:00","mainEntityOfPage":{"@id":"https:\/\/breezy.band\/pl-pl\/przyszlosc-cyrkularnego-it-kluczowe-spostrzezenia-z-retech-days-business-2025\/"},"wordCount":1586,"image":{"@id":"https:\/\/breezy.band\/pl-pl\/przyszlosc-cyrkularnego-it-kluczowe-spostrzezenia-z-retech-days-business-2025\/#primaryimage"},"thumbnailUrl":"https:\/\/breezy.band\/wp-content\/uploads\/2025\/12\/retech-business-insights-breezy-1-scaled.jpg","keywords":["Spostrze\u017cenia"],"articleSection":["Artyku\u0142"],"inLanguage":"pl-PL"},{"@type":"WebPage","@id":"https:\/\/breezy.band\/pl-pl\/przyszlosc-cyrkularnego-it-kluczowe-spostrzezenia-z-retech-days-business-2025\/","url":"https:\/\/breezy.band\/pl-pl\/przyszlosc-cyrkularnego-it-kluczowe-spostrzezenia-z-retech-days-business-2025\/","name":"Przysz\u0142o\u015b\u0107 cyrkularnego IT: kluczowe spostrze\u017cenia z Retech Days Business 2025 - Breezy Site","isPartOf":{"@id":"https:\/\/breezy.band\/pl-pl\/#website"},"primaryImageOfPage":{"@id":"https:\/\/breezy.band\/pl-pl\/przyszlosc-cyrkularnego-it-kluczowe-spostrzezenia-z-retech-days-business-2025\/#primaryimage"},"image":{"@id":"https:\/\/breezy.band\/pl-pl\/przyszlosc-cyrkularnego-it-kluczowe-spostrzezenia-z-retech-days-business-2025\/#primaryimage"},"thumbnailUrl":"https:\/\/breezy.band\/wp-content\/uploads\/2025\/12\/retech-business-insights-breezy-1-scaled.jpg","datePublished":"2025-12-11T16:21:39+00:00","dateModified":"2025-12-11T17:30:53+00:00","author":{"@id":"https:\/\/breezy.band\/pl-pl\/#\/schema\/person\/dd22f7463383d2f37aa235261e187a3e"},"breadcrumb":{"@id":"https:\/\/breezy.band\/pl-pl\/przyszlosc-cyrkularnego-it-kluczowe-spostrzezenia-z-retech-days-business-2025\/#breadcrumb"},"inLanguage":"pl-PL","potentialAction":[{"@type":"ReadAction","target":["https:\/\/breezy.band\/pl-pl\/przyszlosc-cyrkularnego-it-kluczowe-spostrzezenia-z-retech-days-business-2025\/"]}]},{"@type":"ImageObject","inLanguage":"pl-PL","@id":"https:\/\/breezy.band\/pl-pl\/przyszlosc-cyrkularnego-it-kluczowe-spostrzezenia-z-retech-days-business-2025\/#primaryimage","url":"https:\/\/breezy.band\/wp-content\/uploads\/2025\/12\/retech-business-insights-breezy-1-scaled.jpg","contentUrl":"https:\/\/breezy.band\/wp-content\/uploads\/2025\/12\/retech-business-insights-breezy-1-scaled.jpg","width":2560,"height":1435},{"@type":"BreadcrumbList","@id":"https:\/\/breezy.band\/pl-pl\/przyszlosc-cyrkularnego-it-kluczowe-spostrzezenia-z-retech-days-business-2025\/#breadcrumb","itemListElement":[{"@type":"ListItem","position":1,"name":"Home","item":"https:\/\/breezy.band\/pl-pl\/"},{"@type":"ListItem","position":2,"name":"Przysz\u0142o\u015b\u0107 cyrkularnego IT: kluczowe spostrze\u017cenia z Retech Days Business 2025"}]},{"@type":"WebSite","@id":"https:\/\/breezy.band\/pl-pl\/#website","url":"https:\/\/breezy.band\/pl-pl\/","name":"Breezy","description":"Breezy","potentialAction":[{"@type":"SearchAction","target":{"@type":"EntryPoint","urlTemplate":"https:\/\/breezy.band\/pl-pl\/?s={search_term_string}"},"query-input":{"@type":"PropertyValueSpecification","valueRequired":true,"valueName":"search_term_string"}}],"inLanguage":"pl-PL"},{"@type":"Person","@id":"https:\/\/breezy.band\/pl-pl\/#\/schema\/person\/dd22f7463383d2f37aa235261e187a3e","name":"admin","image":{"@type":"ImageObject","inLanguage":"pl-PL","@id":"https:\/\/breezy.band\/pl-pl\/#\/schema\/person\/image\/","url":"https:\/\/secure.gravatar.com\/avatar\/56cbfe3aded7b023ab3f0eea30c43566839d74dde145e813f73c6fad05d2dee0?s=96&d=mm&r=g","contentUrl":"https:\/\/secure.gravatar.com\/avatar\/56cbfe3aded7b023ab3f0eea30c43566839d74dde145e813f73c6fad05d2dee0?s=96&d=mm&r=g","caption":"admin"},"url":"https:\/\/breezy.band\/pl-pl\/author\/admin\/"}]}},"_links":{"self":[{"href":"https:\/\/breezy.band\/pl-pl\/wp-json\/wp\/v2\/posts\/28141","targetHints":{"allow":["GET"]}}],"collection":[{"href":"https:\/\/breezy.band\/pl-pl\/wp-json\/wp\/v2\/posts"}],"about":[{"href":"https:\/\/breezy.band\/pl-pl\/wp-json\/wp\/v2\/types\/post"}],"author":[{"embeddable":true,"href":"https:\/\/breezy.band\/pl-pl\/wp-json\/wp\/v2\/users\/1"}],"replies":[{"embeddable":true,"href":"https:\/\/breezy.band\/pl-pl\/wp-json\/wp\/v2\/comments?post=28141"}],"version-history":[{"count":1,"href":"https:\/\/breezy.band\/pl-pl\/wp-json\/wp\/v2\/posts\/28141\/revisions"}],"predecessor-version":[{"id":28142,"href":"https:\/\/breezy.band\/pl-pl\/wp-json\/wp\/v2\/posts\/28141\/revisions\/28142"}],"wp:featuredmedia":[{"embeddable":true,"href":"https:\/\/breezy.band\/pl-pl\/wp-json\/wp\/v2\/media\/28073"}],"wp:attachment":[{"href":"https:\/\/breezy.band\/pl-pl\/wp-json\/wp\/v2\/media?parent=28141"}],"wp:term":[{"taxonomy":"category","embeddable":true,"href":"https:\/\/breezy.band\/pl-pl\/wp-json\/wp\/v2\/categories?post=28141"},{"taxonomy":"post_tag","embeddable":true,"href":"https:\/\/breezy.band\/pl-pl\/wp-json\/wp\/v2\/tags?post=28141"},{"taxonomy":"country","embeddable":true,"href":"https:\/\/breezy.band\/pl-pl\/wp-json\/wp\/v2\/country?post=28141"}],"curies":[{"name":"wp","href":"https:\/\/api.w.org\/{rel}","templated":true}]}}