{"id":28121,"date":"2025-12-11T16:21:39","date_gmt":"2025-12-11T16:21:39","guid":{"rendered":"https:\/\/breezy.band\/viitorul-it-circulare-informatii-cheie-de-la-retech-days-business-2025\/"},"modified":"2025-12-11T16:49:33","modified_gmt":"2025-12-11T16:49:33","slug":"viitorul-it-circulare-informatii-cheie-de-la-retech-days-business-2025","status":"publish","type":"post","link":"https:\/\/breezy.band\/md-ro\/viitorul-it-circulare-informatii-cheie-de-la-retech-days-business-2025\/","title":{"rendered":"Viitorul IT circulare: informa\u021bii cheie de la Retech Days Business 2025"},"content":{"rendered":"\n<p>Pe 27 noiembrie, Breezy a participat la <a href=\"https:\/\/conferences.dataxis.com\/retech-days-business\/\">Retech Days Business 2025<\/a> &#8211; unul dintre evenimentele cheie din industria IT circular\u0103 \u0219i a electronicii durabile.<br\/>Colega noastr\u0103 <strong>Maria Yanchenko<\/strong> a participat la o discu\u021bie de grup axat\u0103 pe extinderea ciclului de via\u021b\u0103 al dispozitivelor, gestionarea sf\u00e2r\u0219itului de via\u021b\u0103, standardizarea calit\u0103\u021bii \u0219i consolidarea \u00eencrederii \u00een tehnologia refurbished.<\/p>\n\n<p>Pentru cei care nu au putut participa, am adunat ideile cheie care rezoneaz\u0103 puternic cu activitatea noastr\u0103 la Breezy.<\/p>\n\n<h2 class=\"wp-block-heading\"><strong>1. Stigmatizarea dispozitivelor uzate persist\u0103 &#8211; iar pia\u021ba \u00eenva\u021b\u0103 cum s\u0103 o dep\u0103\u0219easc\u0103<\/strong><\/h2>\n\n<p>Panelul <em>&#8220;Cum s\u0103 combatem stigmatul utiliz\u0103rii: \u00cencrederea consumatorilor, clasificarea \u0219i asigurarea calit\u0103\u021bii&#8221;<\/em> a abordat motivul pentru care, \u00een ciuda cre\u0219terii gradului de con\u0219tientizare, utilizatorii sunt \u00eenc\u0103 precau\u021bi cu privire la dispozitivele refurbished.<\/p>\n\n<blockquote class=\"wp-block-quote is-layout-flow wp-block-quote-is-layout-flow\">\n<p>Dup\u0103 cum a remarcat <strong>Simone Sievernich, General Manager Hard Goods la eBay<\/strong>: <em>&#8220;Con\u0219tientizarea este \u00een cre\u0219tere, dar \u00eenc\u0103 relativ sc\u0103zut\u0103&#8230; Dac\u0103 nu a\u021bi avut o experien\u021b\u0103 bun\u0103, riscul perceput de a cump\u0103ra ceva folosit este \u00een mod inerent mai mare \u00een compara\u021bie cu ceva nou.&#8221;<\/em><\/p>\n<\/blockquote>\n\n<p>Simone a subliniat faptul c\u0103 consumatorii evalueaz\u0103 riscul \u00eenainte de a recunoa\u0219te valoarea &#8211; iar sarcina industriei este de a face acest risc previzibil \u0219i gestionabil.<br\/>Acesta este motivul pentru care eBay continu\u0103 s\u0103 \u00ee\u0219i extind\u0103 programul eBay Refurbished, la care particip\u0103 numai v\u00e2nz\u0103tori verifica\u021bi, iar calitatea este standardizat\u0103.<\/p>\n\n<h2 class=\"wp-block-heading\"><strong>2. F\u0103r\u0103 standardizarea clasific\u0103rii, pia\u021ba nu poate cre\u0219te<\/strong><\/h2>\n\n<p>Acela\u0219i grup de exper\u021bi a subliniat urgen\u021ba unei terminologii unificate a clasific\u0103rii. Dup\u0103 cum a subliniat unul dintre vorbitori: <em>&#8220;Standardizarea ar fi ca <strong>lingua franca <\/strong>a refurbished-ului&#8230; este necesar\u0103&#8221;. <\/em>  <\/p>\n\n<p>\u00cen prezent, notele A\/B\/C difer\u0103 \u00een func\u021bie de v\u00e2nz\u0103tor, cre\u00e2nd confuzie \u0219i erod\u00e2nd \u00eencrederea.<br\/>La Breezy, subliniem \u00een mod constant c\u0103 dezvoltarea unui standard la nivelul \u00eentregii industrii este unul dintre pa\u0219ii esen\u021biali c\u0103tre maturizarea pie\u021bei.<\/p>\n\n<h2 class=\"wp-block-heading\"><strong>3. Valoarea pentru consumatori nu vine doar din pre\u021b, ci \u0219i din transparen\u021b\u0103<\/strong><\/h2>\n\n<blockquote class=\"wp-block-quote is-layout-flow wp-block-quote-is-layout-flow\">\n<p>Dup\u0103 cum a subliniat <strong>Alexandra Asanache, consultant pentru solu\u021bii de sustenabilitate la Lenovo<\/strong>: <em>&#8220;Pre\u021bul atrage aten\u021bia, garan\u021bia creeaz\u0103 siguran\u021b\u0103, iar acurate\u021bea clasific\u0103rii \u0219i comunicarea creeaz\u0103 \u00eencredere.&#8221;<\/em><\/p>\n<\/blockquote>\n\n<p>Alexandra a \u00eemp\u0103rt\u0103\u0219it, de asemenea, modul \u00een care Lenovo dezvolt\u0103 \u00een mod activ solu\u021bii circulare:<br\/>recondi\u021bionarea dispozitivelor la nivel intern, \u00eenlocuirea bateriilor cu o capacitate mai mic\u0103 de 80%, revopsirea carcaselor, efectuarea a p\u00e2n\u0103 la 35 de teste \u0219i returnarea dispozitivelor cu o garan\u021bie re\u00eennoit\u0103.<\/p>\n\n<p>Acest lucru demonstreaz\u0103 modul \u00een care produc\u0103torii devin contribuitori activi la circularitate, mai degrab\u0103 dec\u00e2t simpli observatori.<\/p>\n\n<p>Mul\u021bi vorbitori au subliniat faptul c\u0103 \u00eentreprinderile doresc vizibilitate pe parcursul \u00eentregului proces &#8211; de la predarea dispozitivelor p\u00e2n\u0103 la rev\u00e2nzare sau reciclare.<\/p>\n\n<p>Dup\u0103 cum a spus unul dintre participan\u021bi: <em>&#8220;Procesele ITAD tipice creeaz\u0103 complexitate, silozuri, \u00eent\u00e2rzieri&#8230; clien\u021bii a\u0219teapt\u0103 s\u0103pt\u0103m\u00e2ni f\u0103r\u0103 s\u0103 \u0219tie ce se \u00eent\u00e2mpl\u0103 cu dispozitivele lor.&#8221;<\/em><\/p>\n\n<p>Platformele \u00een timp real rezolv\u0103 aceast\u0103 problem\u0103 oferind companiilor transparen\u021b\u0103 la fiecare pas &#8211; actualiz\u0103ri de stare, fotografii, eliminarea MDM, piste de audit \u0219i documente de conformitate.<\/p>\n\n<h2 class=\"wp-block-heading\"><strong>4. Sustenabilitatea nu mai este principalul motor<\/strong><\/h2>\n\n<p>\u00cen ultimul an, motiva\u021bia ESG a sc\u0103zut \u00een sectorul corporativ, \u00een timp ce motiva\u021bia financiar\u0103 a crescut.<br\/>Dup\u0103 cum spune <strong>Andrii Kosar, CEO Breezy <\/strong>: <em>&#8220;Mai \u00eent\u00e2i economia, apoi ecologia&#8221;.<\/em><\/p>\n\n<blockquote class=\"wp-block-quote is-layout-flow wp-block-quote-is-layout-flow\">\n<p>Unul dintre vorbitori a sintetizat aceast\u0103 schimbare: <em>&#8220;Sustenabilitatea a c\u0103zut pe ordinea de zi&#8230; ast\u0103zi pre\u021bul \u0219i calitatea conteaz\u0103 mult mai mult dec\u00e2t acum un an&#8221;.<\/em><\/p>\n<\/blockquote>\n\n<p>Cu toate acestea, participan\u021bii au fost de acord c\u0103 sustenabilitatea va reveni \u00een prim-plan &#8211; determinat\u0103 de reglement\u0103ri \u0219i de a\u0219tept\u0103rile investitorilor.<\/p>\n\n<h2 class=\"wp-block-heading\"><strong>5. Cinci miliarde de dispozitive neutilizate reprezint\u0103 o oportunitate uria\u0219\u0103<\/strong><\/h2>\n\n<div class=\"wp-block-media-text is-stacked-on-mobile\"><figure class=\"wp-block-media-text__media\"><img loading=\"lazy\" decoding=\"async\" width=\"819\" height=\"1024\" src=\"https:\/\/breezy.band\/wp-content\/uploads\/2025\/12\/retech-breezy-dormant-phones-1-819x1024.jpg\" alt=\"\" class=\"wp-image-27985 size-full\" srcset=\"https:\/\/breezy.band\/wp-content\/uploads\/2025\/12\/retech-breezy-dormant-phones-1-819x1024.jpg 819w, https:\/\/breezy.band\/wp-content\/uploads\/2025\/12\/retech-breezy-dormant-phones-1-240x300.jpg 240w, https:\/\/breezy.band\/wp-content\/uploads\/2025\/12\/retech-breezy-dormant-phones-1-768x960.jpg 768w, https:\/\/breezy.band\/wp-content\/uploads\/2025\/12\/retech-breezy-dormant-phones-1.jpg 1200w\" sizes=\"auto, (max-width: 819px) 100vw, 819px\" \/><\/figure><div class=\"wp-block-media-text__content\">\n<p>Dup\u0103 cum a declarat <strong>Conor Dempsey, Senior Director, GSMA Services &amp; GSMA Intelligence<\/strong>, \u00een prezent exist\u0103 <strong>5 miliarde de smartphone-uri inactive<\/strong> \u00een sertare.<\/p>\n\n\n\n<p>Acestea con\u021bin:<\/p>\n\n\n\n<ul class=\"wp-block-list\">\n<li><strong>50.000 de tone de cupru<\/strong><\/li>\n\n\n\n<li><strong>500 de tone de argint<\/strong><\/li>\n\n\n\n<li><strong>100 de tone de aur<\/strong><\/li>\n<\/ul>\n\n\n\n<p>O resurs\u0103 imens\u0103 neutilizat\u0103.<\/p>\n<\/div><\/div>\n\n<p><\/p>\n\n<p><strong>Conor <\/strong>a subliniat: <em>&#8220;Dac\u0103 putem recupera doar 1% din aceste dispozitive, \u00eenseamn\u0103 50 de milioane de telefoane.&#8221;<\/em><\/p>\n\n<p>Prelungirea duratei de via\u021b\u0103 a smartphone-urilor aflate \u00een prezent \u00een circula\u021bie ar putea reduce emisiile de CO\u2082 cu <strong>21,4 milioane de tone pe an<\/strong> &#8211; echivalentul elimin\u0103rii a <strong>4,2 milioane de ma\u0219ini<\/strong> de pe \u0219osele.<\/p>\n\n<figure class=\"wp-block-image size-large\"><img loading=\"lazy\" decoding=\"async\" width=\"1024\" height=\"576\" src=\"https:\/\/breezy.band\/wp-content\/uploads\/2025\/12\/retech-breezy-infographic-1-1024x576.jpg\" alt=\"\" class=\"wp-image-28003\" srcset=\"https:\/\/breezy.band\/wp-content\/uploads\/2025\/12\/retech-breezy-infographic-1-1024x576.jpg 1024w, https:\/\/breezy.band\/wp-content\/uploads\/2025\/12\/retech-breezy-infographic-1-300x169.jpg 300w, https:\/\/breezy.band\/wp-content\/uploads\/2025\/12\/retech-breezy-infographic-1-768x432.jpg 768w, https:\/\/breezy.band\/wp-content\/uploads\/2025\/12\/retech-breezy-infographic-1-1536x864.jpg 1536w, https:\/\/breezy.band\/wp-content\/uploads\/2025\/12\/retech-breezy-infographic-1-426x240.jpg 426w, https:\/\/breezy.band\/wp-content\/uploads\/2025\/12\/retech-breezy-infographic-1.jpg 1920w\" sizes=\"auto, (max-width: 1024px) 100vw, 1024px\" \/><\/figure>\n\n<p>\u00centre timp, reciclarea <em>unui singur telefon mobil<\/em> economise\u0219te suficient\u0103 energie pentru a alimenta un laptop timp de <strong>peste 40 de ore<\/strong>. Aceasta reprezint\u0103 o cantitate enorm\u0103 de material, carbon \u0219i valoare economic\u0103 care r\u0103m\u00e2ne neexploatat\u0103. <\/p>\n\n<figure class=\"wp-block-image size-large\"><img loading=\"lazy\" decoding=\"async\" width=\"1024\" height=\"576\" src=\"https:\/\/breezy.band\/wp-content\/uploads\/2025\/12\/retech-breezy-recycling-1-1-1024x576.jpg\" alt=\"\" class=\"wp-image-28075\" srcset=\"https:\/\/breezy.band\/wp-content\/uploads\/2025\/12\/retech-breezy-recycling-1-1-1024x576.jpg 1024w, https:\/\/breezy.band\/wp-content\/uploads\/2025\/12\/retech-breezy-recycling-1-1-300x169.jpg 300w, https:\/\/breezy.band\/wp-content\/uploads\/2025\/12\/retech-breezy-recycling-1-1-768x432.jpg 768w, https:\/\/breezy.band\/wp-content\/uploads\/2025\/12\/retech-breezy-recycling-1-1-1536x864.jpg 1536w, https:\/\/breezy.band\/wp-content\/uploads\/2025\/12\/retech-breezy-recycling-1-1-426x240.jpg 426w, https:\/\/breezy.band\/wp-content\/uploads\/2025\/12\/retech-breezy-recycling-1-1.jpg 1920w\" sizes=\"auto, (max-width: 1024px) 100vw, 1024px\" \/><\/figure>\n\n<h2 class=\"wp-block-heading\"><strong>6. Securitatea datelor r\u0103m\u00e2ne cea mai mare preocupare a companiilor<\/strong><\/h2>\n\n<p>Mul\u021bi vorbitori au subliniat faptul c\u0103 \u00eentreprinderile \u00eenc\u0103 subestimeaz\u0103 riscurile asociate manipul\u0103rii necorespunz\u0103toare a produselor la sf\u00e2r\u0219itul ciclului de via\u021b\u0103.<\/p>\n\n<p>De exemplu, distrugerea fizic\u0103 nu garanteaz\u0103 \u00eentotdeauna securitatea: multe microcipuri sunt mai mici dec\u00e2t dimensiunile standard de distrugere, iar datele pot fi extrase din fragmente mai mari.<\/p>\n\n<p>Acesta este motivul pentru care pia\u021ba se orienteaz\u0103 c\u0103tre \u0219tergerea certificat\u0103 a datelor, piste de audit detaliate \u0219i supravegherea strict\u0103 a prelucr\u0103rii \u00een aval.<\/p>\n\n<p>Cu toate acestea, nu toate companiile abordeaz\u0103 \u0219tergerea datelor cu acela\u0219i nivel de rigoare. Dup\u0103 cum a observat cu exactitate Maria Yanchenko, Head of B2B Trade-in:   <\/p>\n\n<div class=\"wp-block-media-text is-stacked-on-mobile\"><figure class=\"wp-block-media-text__media\"><img loading=\"lazy\" decoding=\"async\" width=\"769\" height=\"1024\" src=\"https:\/\/breezy.band\/wp-content\/uploads\/2025\/12\/retech-maria-yanchenko-1-769x1024.jpeg\" alt=\"\" class=\"wp-image-28093 size-full\" srcset=\"https:\/\/breezy.band\/wp-content\/uploads\/2025\/12\/retech-maria-yanchenko-1-769x1024.jpeg 769w, https:\/\/breezy.band\/wp-content\/uploads\/2025\/12\/retech-maria-yanchenko-1-225x300.jpeg 225w, https:\/\/breezy.band\/wp-content\/uploads\/2025\/12\/retech-maria-yanchenko-1-768x1023.jpeg 768w, https:\/\/breezy.band\/wp-content\/uploads\/2025\/12\/retech-maria-yanchenko-1.jpeg 961w\" sizes=\"auto, (max-width: 769px) 100vw, 769px\" \/><\/figure><div class=\"wp-block-media-text__content\">\n<p><em>&#8220;Pia\u021ba urmeaz\u0103 perfect o &#8220;curb\u0103 clopot&#8221; gaussian\u0103.  <\/em><\/p>\n\n\n\n<p><em>Pe de o parte, exist\u0103 cazuri rare \u00een care companiile adopt\u0103 o abordare surprinz\u0103tor de relaxat\u0103 &#8211; uneori primim chiar dispozitive cu ferestrele de e-mail ale companiei \u00eenc\u0103 deschise.<\/em><\/p>\n\n\n\n<p><em><br\/>Pe de alt\u0103 parte, exist\u0103 companii cu politici extrem de reglementate \u0219i protocoale stricte de conformitate, \u00een care fiecare etap\u0103 de \u0219tergere a datelor este documentat\u0103 \u00een mod clar.  <\/em><\/p>\n<\/div><\/div>\n\n<p><em>Dar majoritatea cazurilor se situeaz\u0103 confortabil la mijlocul curbei: aceste companii doresc doar s\u0103 fie asigurate c\u0103 datele lor nu vor c\u0103dea \u00een m\u00e2ini gre\u0219ite, f\u0103r\u0103 a fi prea preocupate de metoda tehnic\u0103 exact\u0103.&#8221;<\/em><\/p>\n\n<h2 class=\"wp-block-heading\"><strong>7. Evolu\u021bia abord\u0103rilor corporative privind gestionarea sf\u00e2r\u0219itului de via\u021b\u0103<\/strong><\/h2>\n\n<p>Managementul corporatist al sf\u00e2r\u0219itului vie\u021bii s-a schimbat semnificativ \u00een ultimii ani. Dup\u0103 cum a explicat <strong>Maria Yanchenko<\/strong>: <\/p>\n\n<p><em>&#8220;Din ce \u00een ce mai multe organiza\u021bii \u00eencep s\u0103 construiasc\u0103 procese ITAD structurate &#8211; de la desemnarea echipelor responsabile la implementarea procedurilor interne \u0219i a evalu\u0103rilor de performan\u021b\u0103. Multe companii renun\u021b\u0103 la depozitarea dispozitivelor neutilizate \u0219i se orienteaz\u0103 c\u0103tre programe de Trade-in sau c\u0103tre eliminarea responsabil\u0103 fa\u021b\u0103 de mediu. De asemenea, observ\u0103m o colaborare tot mai str\u00e2ns\u0103 \u00eentre departamentele IT \u0219i echipele de sustenabilitate: re\u00eennoirea echipamentelor devine nu doar o necesitate tehnic\u0103, ci \u0219i o component\u0103 strategic\u0103 a eficien\u021bei afacerii.&#8221;<\/em><\/p>\n\n<figure class=\"wp-block-image size-large\"><img loading=\"lazy\" decoding=\"async\" width=\"1024\" height=\"576\" src=\"https:\/\/breezy.band\/wp-content\/uploads\/2025\/12\/retech-business-breezy-1-1-1024x576.jpeg\" alt=\"\" class=\"wp-image-28039\" srcset=\"https:\/\/breezy.band\/wp-content\/uploads\/2025\/12\/retech-business-breezy-1-1-1024x576.jpeg 1024w, https:\/\/breezy.band\/wp-content\/uploads\/2025\/12\/retech-business-breezy-1-1-300x169.jpeg 300w, https:\/\/breezy.band\/wp-content\/uploads\/2025\/12\/retech-business-breezy-1-1-768x432.jpeg 768w, https:\/\/breezy.band\/wp-content\/uploads\/2025\/12\/retech-business-breezy-1-1-1536x864.jpeg 1536w, https:\/\/breezy.band\/wp-content\/uploads\/2025\/12\/retech-business-breezy-1-1-2048x1152.jpeg 2048w, https:\/\/breezy.band\/wp-content\/uploads\/2025\/12\/retech-business-breezy-1-1-426x240.jpeg 426w\" sizes=\"auto, (max-width: 1024px) 100vw, 1024px\" \/><\/figure>\n\n<p>Ea a men\u021bionat, de asemenea, principalele provoc\u0103ri cu care se confrunt\u0103 companiile:<\/p>\n\n<p><em>&#8220;Pentru cei care abia \u00eencep aceast\u0103 c\u0103l\u0103torie, principalele dificult\u0103\u021bi sunt lipsa de politici interne, lipsa de expertiz\u0103, vizibilitatea redus\u0103 a dispozitivelor \u0219i incertitudinea cu privire la momentul \u00een care echipamentele trebuie efectiv \u00eenlocuite. Multe companii \u00eenc\u0103 nu urm\u0103resc numerele de serie, ceea ce complic\u0103 \u0219tergerea activelor \u0219i conduce la costuri suplimentare.&#8221;<\/em><\/p>\n\n<p>Ea a eviden\u021biat ceea ce companiile apreciaz\u0103 cel mai mult la un partener:<\/p>\n\n<p><strong><em>&#8220;Majoritatea companiilor doresc pur \u0219i simplu s\u0103 fie asigurate c\u0103 datele lor nu vor c\u0103dea \u00een m\u00e2ini gre\u0219ite. Nu le pas\u0103 neap\u0103rat de metoda tehnic\u0103, dar vor garan\u021bii de securitate, trasabilitate \u0219i distrugere certificat\u0103 a datelor.&#8221;  <\/em><\/strong><\/p>\n\n<p>La Breezy, ne propunem s\u0103 construim un <a href=\"https:\/\/breezy.band\/md-ro\/buyback-for-business\/\">proces cuprinz\u0103tor de r\u0103scump\u0103rare a dispozitivelor<\/a> pe care orice companie \u00eel poate utiliza cu u\u0219urin\u021b\u0103 &#8211; indiferent de procedurile interne, personalul sau cerin\u021bele de conformitate.<\/p>\n\n<h2 class=\"wp-block-heading\"><strong>8. \u00cencotro se \u00eendreapt\u0103 industria: servicii, standarde \u0219i simplitate<\/strong><\/h2>\n\n<p>Vorbitorii au ajuns la un nivel neobi\u0219nuit de consens:<\/p>\n\n<ul class=\"wp-block-list\">\n<li>viitorul apar\u021bine <strong>modelelor bazate pe servicii<\/strong> (DaaS, leasing, abonament)<\/li>\n\n\n\n<li>pia\u021ba are nevoie de <strong>o terminologie unificat\u0103 a calit\u0103\u021bii \u0219i de standarde de clasificare<\/strong><\/li>\n\n\n\n<li><strong>simplitatea \u0219i transparen\u021ba<\/strong> sunt fundamentul \u00eencrederii<\/li>\n\n\n\n<li><strong>marii comercian\u021bi cu am\u0103nuntul \u0219i operatorii de telecomunica\u021bii<\/strong> vor juca un rol semnificativ \u00een cre\u0219terea pie\u021bei<\/li>\n\n\n\n<li>Regulamentul UE privind economia circular\u0103 va accelera adoptarea<\/li>\n<\/ul>\n\n<h2 class=\"wp-block-heading\"><strong>Ce \u00eenseamn\u0103 acest lucru pentru pia\u021b\u0103<\/strong><\/h2>\n\n<ul class=\"wp-block-list\">\n<li>industria se maturizeaz\u0103 rapid \u0219i se \u00eendreapt\u0103 c\u0103tre modele durabile \u0219i eficiente din punct de vedere al costurilor<\/li>\n\n\n\n<li>transparen\u021ba, trasabilitatea \u0219i securitatea devin indispensabile<\/li>\n\n\n\n<li>dispozitivele devin parte a strategiilor ESG ale \u00eentreprinderilor<\/li>\n\n\n\n<li>cererea pentru prelungirea ciclului de via\u021b\u0103 al dispozitivelor continu\u0103 s\u0103 creasc\u0103<\/li>\n<\/ul>\n\n<p>Breezy se afl\u0103 la intersec\u021bia dintre IT, finan\u021be \u0219i sustenabilitate &#8211; \u0219i continu\u0103m s\u0103 dezvolt\u0103m solu\u021bii care ajut\u0103 companiile s\u0103 \u00ee\u0219i gestioneze dispozitivele \u00eentr-un mod mai responsabil, mai sigur \u0219i mai eficient.<br\/>Zilele Retech au reafirmat faptul c\u0103 viziunea noastr\u0103 este complet aliniat\u0103 cu viitorul industriei.<\/p>\n\n<p><\/p>\n","protected":false},"excerpt":{"rendered":"<p>Pe 27 noiembrie, Breezy a participat la Retech Days Business 2025 &#8211; unul dintre evenimentele cheie din industria IT circular\u0103 \u0219i a electronicii durabile.Colega noastr\u0103 Maria Yanchenko a participat la o discu\u021bie de grup axat\u0103 pe extinderea ciclului de via\u021b\u0103 al dispozitivelor, gestionarea sf\u00e2r\u0219itului de via\u021b\u0103, standardizarea calit\u0103\u021bii \u0219i consolidarea \u00eencrederii \u00een tehnologia refurbished. Pentru&#8230;<\/p>\n","protected":false},"author":1,"featured_media":28071,"comment_status":"closed","ping_status":"closed","sticky":false,"template":"","format":"standard","meta":{"inline_featured_image":false,"footnotes":""},"categories":[494],"tags":[625],"country":[736],"class_list":["post-28121","post","type-post","status-publish","format-standard","has-post-thumbnail","hentry","category-articol","tag-perspective","country-all-md-ro"],"acf":[],"yoast_head":"<!-- This site is optimized with the Yoast SEO plugin v26.9 - https:\/\/yoast.com\/product\/yoast-seo-wordpress\/ -->\n<title>Viitorul IT circulare: informa\u021bii cheie de la Retech Days Business 2025 - Breezy Site<\/title>\n<meta name=\"robots\" content=\"index, follow, max-snippet:-1, max-image-preview:large, max-video-preview:-1\" \/>\n<link rel=\"canonical\" href=\"https:\/\/breezy.band\/md-ro\/viitorul-it-circulare-informatii-cheie-de-la-retech-days-business-2025\/\" \/>\n<meta property=\"og:locale\" content=\"en_US\" \/>\n<meta property=\"og:type\" content=\"article\" \/>\n<meta property=\"og:title\" content=\"Viitorul IT circulare: informa\u021bii cheie de la Retech Days Business 2025 - Breezy Site\" \/>\n<meta property=\"og:description\" content=\"Pe 27 noiembrie, Breezy a participat la Retech Days Business 2025 &#8211; unul dintre evenimentele cheie din industria IT circular\u0103 \u0219i a electronicii durabile.Colega noastr\u0103 Maria Yanchenko a participat la o discu\u021bie de grup axat\u0103 pe extinderea ciclului de via\u021b\u0103 al dispozitivelor, gestionarea sf\u00e2r\u0219itului de via\u021b\u0103, standardizarea calit\u0103\u021bii \u0219i consolidarea \u00eencrederii \u00een tehnologia refurbished. Pentru...\" \/>\n<meta property=\"og:url\" content=\"https:\/\/breezy.band\/md-ro\/viitorul-it-circulare-informatii-cheie-de-la-retech-days-business-2025\/\" \/>\n<meta property=\"og:site_name\" content=\"Breezy Site\" \/>\n<meta property=\"article:published_time\" content=\"2025-12-11T16:21:39+00:00\" \/>\n<meta property=\"article:modified_time\" content=\"2025-12-11T16:49:33+00:00\" \/>\n<meta property=\"og:image\" content=\"https:\/\/breezy.band\/wp-content\/uploads\/2025\/12\/retech-business-insights-breezy-1-scaled.jpg\" \/>\n\t<meta property=\"og:image:width\" content=\"2560\" \/>\n\t<meta property=\"og:image:height\" content=\"1435\" \/>\n\t<meta property=\"og:image:type\" content=\"image\/jpeg\" \/>\n<meta name=\"author\" content=\"admin\" \/>\n<meta name=\"twitter:card\" content=\"summary_large_image\" \/>\n<meta name=\"twitter:label1\" content=\"Written by\" \/>\n\t<meta name=\"twitter:data1\" content=\"admin\" \/>\n\t<meta name=\"twitter:label2\" content=\"Est. reading time\" \/>\n\t<meta name=\"twitter:data2\" content=\"7 minutes\" \/>\n<script type=\"application\/ld+json\" class=\"yoast-schema-graph\">{\"@context\":\"https:\/\/schema.org\",\"@graph\":[{\"@type\":\"Article\",\"@id\":\"https:\/\/breezy.band\/md-ro\/viitorul-it-circulare-informatii-cheie-de-la-retech-days-business-2025\/#article\",\"isPartOf\":{\"@id\":\"https:\/\/breezy.band\/md-ro\/viitorul-it-circulare-informatii-cheie-de-la-retech-days-business-2025\/\"},\"author\":{\"name\":\"admin\",\"@id\":\"https:\/\/breezy.band\/md-ro\/#\/schema\/person\/dd22f7463383d2f37aa235261e187a3e\"},\"headline\":\"Viitorul IT circulare: informa\u021bii cheie de la Retech Days Business 2025\",\"datePublished\":\"2025-12-11T16:21:39+00:00\",\"dateModified\":\"2025-12-11T16:49:33+00:00\",\"mainEntityOfPage\":{\"@id\":\"https:\/\/breezy.band\/md-ro\/viitorul-it-circulare-informatii-cheie-de-la-retech-days-business-2025\/\"},\"wordCount\":1455,\"image\":{\"@id\":\"https:\/\/breezy.band\/md-ro\/viitorul-it-circulare-informatii-cheie-de-la-retech-days-business-2025\/#primaryimage\"},\"thumbnailUrl\":\"https:\/\/breezy.band\/wp-content\/uploads\/2025\/12\/retech-business-insights-breezy-1-scaled.jpg\",\"keywords\":[\"Perspective\"],\"articleSection\":[\"Articol\"],\"inLanguage\":\"md-ro\"},{\"@type\":\"WebPage\",\"@id\":\"https:\/\/breezy.band\/md-ro\/viitorul-it-circulare-informatii-cheie-de-la-retech-days-business-2025\/\",\"url\":\"https:\/\/breezy.band\/md-ro\/viitorul-it-circulare-informatii-cheie-de-la-retech-days-business-2025\/\",\"name\":\"Viitorul IT circulare: informa\u021bii cheie de la Retech Days Business 2025 - Breezy Site\",\"isPartOf\":{\"@id\":\"https:\/\/breezy.band\/md-ro\/#website\"},\"primaryImageOfPage\":{\"@id\":\"https:\/\/breezy.band\/md-ro\/viitorul-it-circulare-informatii-cheie-de-la-retech-days-business-2025\/#primaryimage\"},\"image\":{\"@id\":\"https:\/\/breezy.band\/md-ro\/viitorul-it-circulare-informatii-cheie-de-la-retech-days-business-2025\/#primaryimage\"},\"thumbnailUrl\":\"https:\/\/breezy.band\/wp-content\/uploads\/2025\/12\/retech-business-insights-breezy-1-scaled.jpg\",\"datePublished\":\"2025-12-11T16:21:39+00:00\",\"dateModified\":\"2025-12-11T16:49:33+00:00\",\"author\":{\"@id\":\"https:\/\/breezy.band\/md-ro\/#\/schema\/person\/dd22f7463383d2f37aa235261e187a3e\"},\"breadcrumb\":{\"@id\":\"https:\/\/breezy.band\/md-ro\/viitorul-it-circulare-informatii-cheie-de-la-retech-days-business-2025\/#breadcrumb\"},\"inLanguage\":\"md-ro\",\"potentialAction\":[{\"@type\":\"ReadAction\",\"target\":[\"https:\/\/breezy.band\/md-ro\/viitorul-it-circulare-informatii-cheie-de-la-retech-days-business-2025\/\"]}]},{\"@type\":\"ImageObject\",\"inLanguage\":\"md-ro\",\"@id\":\"https:\/\/breezy.band\/md-ro\/viitorul-it-circulare-informatii-cheie-de-la-retech-days-business-2025\/#primaryimage\",\"url\":\"https:\/\/breezy.band\/wp-content\/uploads\/2025\/12\/retech-business-insights-breezy-1-scaled.jpg\",\"contentUrl\":\"https:\/\/breezy.band\/wp-content\/uploads\/2025\/12\/retech-business-insights-breezy-1-scaled.jpg\",\"width\":2560,\"height\":1435},{\"@type\":\"BreadcrumbList\",\"@id\":\"https:\/\/breezy.band\/md-ro\/viitorul-it-circulare-informatii-cheie-de-la-retech-days-business-2025\/#breadcrumb\",\"itemListElement\":[{\"@type\":\"ListItem\",\"position\":1,\"name\":\"Home\",\"item\":\"https:\/\/breezy.band\/md-ro\/\"},{\"@type\":\"ListItem\",\"position\":2,\"name\":\"Viitorul IT circulare: informa\u021bii cheie de la Retech Days Business 2025\"}]},{\"@type\":\"WebSite\",\"@id\":\"https:\/\/breezy.band\/md-ro\/#website\",\"url\":\"https:\/\/breezy.band\/md-ro\/\",\"name\":\"Breezy\",\"description\":\"Breezy\",\"potentialAction\":[{\"@type\":\"SearchAction\",\"target\":{\"@type\":\"EntryPoint\",\"urlTemplate\":\"https:\/\/breezy.band\/md-ro\/?s={search_term_string}\"},\"query-input\":{\"@type\":\"PropertyValueSpecification\",\"valueRequired\":true,\"valueName\":\"search_term_string\"}}],\"inLanguage\":\"md-ro\"},{\"@type\":\"Person\",\"@id\":\"https:\/\/breezy.band\/md-ro\/#\/schema\/person\/dd22f7463383d2f37aa235261e187a3e\",\"name\":\"admin\",\"image\":{\"@type\":\"ImageObject\",\"inLanguage\":\"md-ro\",\"@id\":\"https:\/\/breezy.band\/md-ro\/#\/schema\/person\/image\/\",\"url\":\"https:\/\/secure.gravatar.com\/avatar\/56cbfe3aded7b023ab3f0eea30c43566839d74dde145e813f73c6fad05d2dee0?s=96&d=mm&r=g\",\"contentUrl\":\"https:\/\/secure.gravatar.com\/avatar\/56cbfe3aded7b023ab3f0eea30c43566839d74dde145e813f73c6fad05d2dee0?s=96&d=mm&r=g\",\"caption\":\"admin\"},\"url\":\"https:\/\/breezy.band\/md-ro\/author\/admin\/\"}]}<\/script>\n<!-- \/ Yoast SEO plugin. -->","yoast_head_json":{"title":"Viitorul IT circulare: informa\u021bii cheie de la Retech Days Business 2025 - Breezy Site","robots":{"index":"index","follow":"follow","max-snippet":"max-snippet:-1","max-image-preview":"max-image-preview:large","max-video-preview":"max-video-preview:-1"},"canonical":"https:\/\/breezy.band\/md-ro\/viitorul-it-circulare-informatii-cheie-de-la-retech-days-business-2025\/","og_locale":"en_US","og_type":"article","og_title":"Viitorul IT circulare: informa\u021bii cheie de la Retech Days Business 2025 - Breezy Site","og_description":"Pe 27 noiembrie, Breezy a participat la Retech Days Business 2025 &#8211; unul dintre evenimentele cheie din industria IT circular\u0103 \u0219i a electronicii durabile.Colega noastr\u0103 Maria Yanchenko a participat la o discu\u021bie de grup axat\u0103 pe extinderea ciclului de via\u021b\u0103 al dispozitivelor, gestionarea sf\u00e2r\u0219itului de via\u021b\u0103, standardizarea calit\u0103\u021bii \u0219i consolidarea \u00eencrederii \u00een tehnologia refurbished. Pentru...","og_url":"https:\/\/breezy.band\/md-ro\/viitorul-it-circulare-informatii-cheie-de-la-retech-days-business-2025\/","og_site_name":"Breezy Site","article_published_time":"2025-12-11T16:21:39+00:00","article_modified_time":"2025-12-11T16:49:33+00:00","og_image":[{"width":2560,"height":1435,"url":"https:\/\/breezy.band\/wp-content\/uploads\/2025\/12\/retech-business-insights-breezy-1-scaled.jpg","type":"image\/jpeg"}],"author":"admin","twitter_card":"summary_large_image","twitter_misc":{"Written by":"admin","Est. reading time":"7 minutes"},"schema":{"@context":"https:\/\/schema.org","@graph":[{"@type":"Article","@id":"https:\/\/breezy.band\/md-ro\/viitorul-it-circulare-informatii-cheie-de-la-retech-days-business-2025\/#article","isPartOf":{"@id":"https:\/\/breezy.band\/md-ro\/viitorul-it-circulare-informatii-cheie-de-la-retech-days-business-2025\/"},"author":{"name":"admin","@id":"https:\/\/breezy.band\/md-ro\/#\/schema\/person\/dd22f7463383d2f37aa235261e187a3e"},"headline":"Viitorul IT circulare: informa\u021bii cheie de la Retech Days Business 2025","datePublished":"2025-12-11T16:21:39+00:00","dateModified":"2025-12-11T16:49:33+00:00","mainEntityOfPage":{"@id":"https:\/\/breezy.band\/md-ro\/viitorul-it-circulare-informatii-cheie-de-la-retech-days-business-2025\/"},"wordCount":1455,"image":{"@id":"https:\/\/breezy.band\/md-ro\/viitorul-it-circulare-informatii-cheie-de-la-retech-days-business-2025\/#primaryimage"},"thumbnailUrl":"https:\/\/breezy.band\/wp-content\/uploads\/2025\/12\/retech-business-insights-breezy-1-scaled.jpg","keywords":["Perspective"],"articleSection":["Articol"],"inLanguage":"md-ro"},{"@type":"WebPage","@id":"https:\/\/breezy.band\/md-ro\/viitorul-it-circulare-informatii-cheie-de-la-retech-days-business-2025\/","url":"https:\/\/breezy.band\/md-ro\/viitorul-it-circulare-informatii-cheie-de-la-retech-days-business-2025\/","name":"Viitorul IT circulare: informa\u021bii cheie de la Retech Days Business 2025 - Breezy Site","isPartOf":{"@id":"https:\/\/breezy.band\/md-ro\/#website"},"primaryImageOfPage":{"@id":"https:\/\/breezy.band\/md-ro\/viitorul-it-circulare-informatii-cheie-de-la-retech-days-business-2025\/#primaryimage"},"image":{"@id":"https:\/\/breezy.band\/md-ro\/viitorul-it-circulare-informatii-cheie-de-la-retech-days-business-2025\/#primaryimage"},"thumbnailUrl":"https:\/\/breezy.band\/wp-content\/uploads\/2025\/12\/retech-business-insights-breezy-1-scaled.jpg","datePublished":"2025-12-11T16:21:39+00:00","dateModified":"2025-12-11T16:49:33+00:00","author":{"@id":"https:\/\/breezy.band\/md-ro\/#\/schema\/person\/dd22f7463383d2f37aa235261e187a3e"},"breadcrumb":{"@id":"https:\/\/breezy.band\/md-ro\/viitorul-it-circulare-informatii-cheie-de-la-retech-days-business-2025\/#breadcrumb"},"inLanguage":"md-ro","potentialAction":[{"@type":"ReadAction","target":["https:\/\/breezy.band\/md-ro\/viitorul-it-circulare-informatii-cheie-de-la-retech-days-business-2025\/"]}]},{"@type":"ImageObject","inLanguage":"md-ro","@id":"https:\/\/breezy.band\/md-ro\/viitorul-it-circulare-informatii-cheie-de-la-retech-days-business-2025\/#primaryimage","url":"https:\/\/breezy.band\/wp-content\/uploads\/2025\/12\/retech-business-insights-breezy-1-scaled.jpg","contentUrl":"https:\/\/breezy.band\/wp-content\/uploads\/2025\/12\/retech-business-insights-breezy-1-scaled.jpg","width":2560,"height":1435},{"@type":"BreadcrumbList","@id":"https:\/\/breezy.band\/md-ro\/viitorul-it-circulare-informatii-cheie-de-la-retech-days-business-2025\/#breadcrumb","itemListElement":[{"@type":"ListItem","position":1,"name":"Home","item":"https:\/\/breezy.band\/md-ro\/"},{"@type":"ListItem","position":2,"name":"Viitorul IT circulare: informa\u021bii cheie de la Retech Days Business 2025"}]},{"@type":"WebSite","@id":"https:\/\/breezy.band\/md-ro\/#website","url":"https:\/\/breezy.band\/md-ro\/","name":"Breezy","description":"Breezy","potentialAction":[{"@type":"SearchAction","target":{"@type":"EntryPoint","urlTemplate":"https:\/\/breezy.band\/md-ro\/?s={search_term_string}"},"query-input":{"@type":"PropertyValueSpecification","valueRequired":true,"valueName":"search_term_string"}}],"inLanguage":"md-ro"},{"@type":"Person","@id":"https:\/\/breezy.band\/md-ro\/#\/schema\/person\/dd22f7463383d2f37aa235261e187a3e","name":"admin","image":{"@type":"ImageObject","inLanguage":"md-ro","@id":"https:\/\/breezy.band\/md-ro\/#\/schema\/person\/image\/","url":"https:\/\/secure.gravatar.com\/avatar\/56cbfe3aded7b023ab3f0eea30c43566839d74dde145e813f73c6fad05d2dee0?s=96&d=mm&r=g","contentUrl":"https:\/\/secure.gravatar.com\/avatar\/56cbfe3aded7b023ab3f0eea30c43566839d74dde145e813f73c6fad05d2dee0?s=96&d=mm&r=g","caption":"admin"},"url":"https:\/\/breezy.band\/md-ro\/author\/admin\/"}]}},"_links":{"self":[{"href":"https:\/\/breezy.band\/md-ro\/wp-json\/wp\/v2\/posts\/28121","targetHints":{"allow":["GET"]}}],"collection":[{"href":"https:\/\/breezy.band\/md-ro\/wp-json\/wp\/v2\/posts"}],"about":[{"href":"https:\/\/breezy.band\/md-ro\/wp-json\/wp\/v2\/types\/post"}],"author":[{"embeddable":true,"href":"https:\/\/breezy.band\/md-ro\/wp-json\/wp\/v2\/users\/1"}],"replies":[{"embeddable":true,"href":"https:\/\/breezy.band\/md-ro\/wp-json\/wp\/v2\/comments?post=28121"}],"version-history":[{"count":1,"href":"https:\/\/breezy.band\/md-ro\/wp-json\/wp\/v2\/posts\/28121\/revisions"}],"predecessor-version":[{"id":28122,"href":"https:\/\/breezy.band\/md-ro\/wp-json\/wp\/v2\/posts\/28121\/revisions\/28122"}],"wp:featuredmedia":[{"embeddable":true,"href":"https:\/\/breezy.band\/md-ro\/wp-json\/wp\/v2\/media\/28071"}],"wp:attachment":[{"href":"https:\/\/breezy.band\/md-ro\/wp-json\/wp\/v2\/media?parent=28121"}],"wp:term":[{"taxonomy":"category","embeddable":true,"href":"https:\/\/breezy.band\/md-ro\/wp-json\/wp\/v2\/categories?post=28121"},{"taxonomy":"post_tag","embeddable":true,"href":"https:\/\/breezy.band\/md-ro\/wp-json\/wp\/v2\/tags?post=28121"},{"taxonomy":"country","embeddable":true,"href":"https:\/\/breezy.band\/md-ro\/wp-json\/wp\/v2\/country?post=28121"}],"curies":[{"name":"wp","href":"https:\/\/api.w.org\/{rel}","templated":true}]}}