{"id":29355,"date":"2026-03-16T10:25:54","date_gmt":"2026-03-16T10:25:54","guid":{"rendered":"https:\/\/breezy.band\/it-d%c9%99-yasillasdirma-dovru-basa-catir-barselonada-keciril%c9%99n-mwc-2026-n%c9%99tic%c9%99l%c9%99ri\/"},"modified":"2026-03-17T07:59:19","modified_gmt":"2026-03-17T07:59:19","slug":"it-d%c9%99-yasillasdirma-dovru-basa-catir-barselonada-keciril%c9%99n-mwc-2026-n%c9%99tic%c9%99l%c9%99ri","status":"publish","type":"post","link":"https:\/\/breezy.band\/az-az\/it-d%c9%99-yasillasdirma-dovru-basa-catir-barselonada-keciril%c9%99n-mwc-2026-n%c9%99tic%c9%99l%c9%99ri\/","title":{"rendered":"\u0130T-d\u0259 ya\u015f\u0131lla\u015fd\u0131rma d\u00f6vr\u00fc ba\u015fa \u00e7at\u0131r: Barselonada ke\u00e7iril\u0259n MWC 2026 n\u0259tic\u0259l\u0259ri"},"content":{"rendered":"\n<p>T\u0259s\u0259vv\u00fcr edin: Fairphone telefonu adi tornavida il\u0259 bir ne\u00e7\u0259 d\u0259qiq\u0259y\u0259 s\u00f6k\u00fcl\u00fcb yeddi il istifad\u0259 edil\u0259 bil\u0259r, Deutsche Telekom is\u0259 pula q\u0259na\u0259t etm\u0259k \u00fc\u00e7\u00fcn baza stansiyalar\u0131n\u0131 millisaniy\u0259lik s\u00f6nd\u00fcr\u00fcr &#8211; n\u0259tic\u0259d\u0259 m\u00fc\u015ft\u0259ril\u0259r rabit\u0259l\u0259rin\u0259 daha az pul \u00f6d\u0259yirl\u0259r.<\/p>\n\n\n\n<p>Breezy komandas\u0131, o c\u00fcml\u0259d\u0259n ba\u015f direktor <strong>Andrey Kosar<\/strong> v\u0259 m\u0259hsul ticar\u0259ti meneceri <strong>Yan Mazur<\/strong> , MWC 2026-dan qay\u0131td\u0131lar.<\/p>\n\n\n\n<figure class=\"wp-block-image size-large\"><img loading=\"lazy\" decoding=\"async\" width=\"1024\" height=\"576\" src=\"https:\/\/breezy.band\/wp-content\/uploads\/2026\/03\/telegram-cloud-photo-size-2-5278418170479841654-y-1024x576.jpg\" alt=\"\" class=\"wp-image-29285\" srcset=\"https:\/\/breezy.band\/wp-content\/uploads\/2026\/03\/telegram-cloud-photo-size-2-5278418170479841654-y-1024x576.jpg 1024w, https:\/\/breezy.band\/wp-content\/uploads\/2026\/03\/telegram-cloud-photo-size-2-5278418170479841654-y-300x169.jpg 300w, https:\/\/breezy.band\/wp-content\/uploads\/2026\/03\/telegram-cloud-photo-size-2-5278418170479841654-y-768x432.jpg 768w, https:\/\/breezy.band\/wp-content\/uploads\/2026\/03\/telegram-cloud-photo-size-2-5278418170479841654-y-426x240.jpg 426w, https:\/\/breezy.band\/wp-content\/uploads\/2026\/03\/telegram-cloud-photo-size-2-5278418170479841654-y.jpg 1280w\" sizes=\"auto, (max-width: 1024px) 100vw, 1024px\" \/><\/figure>\n\n\n\n<p>Texnologiya n\u0259h\u0259ngl\u0259rinin (Samsung, Orange, Vodafone) \u0259sas n\u0259tic\u0259si g\u00f6z qaba\u011f\u0131ndad\u0131r: \u201cya\u015f\u0131l \u015f\u00fcarlar\u201d d\u00f6vr\u00fc bitdi.<\/p>\n\n\n\n<p>S\u0259naye real m\u00fch\u0259ndislik h\u0259ll\u0259rin\u0259 do\u011fru ir\u0259lil\u0259yir: modulyarl\u0131q, s\u00fcni intellektl\u0259 i\u015fl\u0259y\u0259n enerji s\u0259m\u0259r\u0259liliyi v\u0259 karbon izin\u0259 g\u00f6r\u0259 tam m\u0259suliyy\u0259t. Bu d\u0259yi\u015fiklik t\u0259kc\u0259 \u0259traf m\u00fchiti deyil, h\u0259m d\u0259 istifad\u0259\u00e7inin pul kis\u0259sini d\u0259yi\u015fdirir. <\/p>\n\n\n\n<section id=\"blockquote-post-block_6ba762038ac176f8943a873edb6293a9\" class=\"blockquote-post container  alignfull\">\n  <div class=\"blockquote-post__inner\">\n\n    <div class=\"blockquote-post__content\">\n      <svg width=\"27\" height=\"24\" viewBox=\"0 0 27 24\" fill=\"none\" xmlns=\"http:\/\/www.w3.org\/2000\/svg\">\n        <path fill-rule=\"evenodd\" clip-rule=\"evenodd\" d=\"M-0.000270844 24H3.41349H6.57697L15.1108 0H8.49011L1.76424 18.9099L-0.000270844 24Z\" fill=\"url(#paint0_linear_889_1242)\" \/>\n        <path fill-rule=\"evenodd\" clip-rule=\"evenodd\" d=\"M11.4743 24H14.8881H18.0516L26.5854 0H19.9647L13.2388 18.9099L11.4743 24Z\" fill=\"url(#paint1_linear_889_1242)\" \/>\n        <defs>\n          <linearGradient id=\"paint0_linear_889_1242\" x1=\"-0.161888\" y1=\"23.8788\" x2=\"8.60579\" y2=\"0.121254\" gradientUnits=\"userSpaceOnUse\">\n            <stop offset=\"0.126456\" stop-color=\"#161FF9\" stop-opacity=\"0\" \/>\n            <stop offset=\"0.679594\" stop-color=\"#161FF9\" \/>\n            <stop offset=\"1\" stop-color=\"#161FF9\" \/>\n          <\/linearGradient>\n          <linearGradient id=\"paint1_linear_889_1242\" x1=\"11.3127\" y1=\"23.8788\" x2=\"20.0804\" y2=\"0.121254\" gradientUnits=\"userSpaceOnUse\">\n            <stop offset=\"0.126456\" stop-color=\"#161FF9\" stop-opacity=\"0\" \/>\n            <stop offset=\"0.679594\" stop-color=\"#161FF9\" \/>\n            <stop offset=\"1\" stop-color=\"#161FF9\" \/>\n          <\/linearGradient>\n        <\/defs>\n      <\/svg>\n\n            <div class=\"blockquote-post__content-text\">\n        <p><em>Bu ilki konqres s\u00fcbut etdi ki, davaml\u0131 inki\u015faf marketinq \u0259lav\u0259sind\u0259n \u0259sas biznes m\u0259ntiqin\u0259 \u00e7evrilib. Breezy \u00fc\u00e7\u00fcn bu, bazar\u0131n n\u0259hay\u0259t ki, h\u0259r bir cihaz\u0131n ikinci v\u0259 ya \u00fc\u00e7\u00fcnc\u00fc h\u0259yat ald\u0131\u011f\u0131 dair\u0259vi modell\u0259rin geni\u015fmiqyasl\u0131 t\u0259tbiqin\u0259 haz\u0131r olmas\u0131 dem\u0259kdir. <\/em><\/p>\n      <\/div>\n      \n      <div class=\"blockquote-post__content-author\">\n                <div class=\"blockquote-post__content-author-photo\">\n          <img decoding=\"async\" width=\"800\" height=\"800\" src=\"https:\/\/breezy.band\/wp-content\/uploads\/2024\/09\/1747600426057.jpeg\" class=\"attachment-full size-full\" alt=\"\" loading=\"lazy\" srcset=\"https:\/\/breezy.band\/wp-content\/uploads\/2024\/09\/1747600426057.jpeg 800w, https:\/\/breezy.band\/wp-content\/uploads\/2024\/09\/1747600426057-300x300.jpeg 300w, https:\/\/breezy.band\/wp-content\/uploads\/2024\/09\/1747600426057-150x150.jpeg 150w, https:\/\/breezy.band\/wp-content\/uploads\/2024\/09\/1747600426057-768x768.jpeg 768w, https:\/\/breezy.band\/wp-content\/uploads\/2024\/09\/1747600426057-100x100.jpeg 100w\" sizes=\"auto, (max-width: 800px) 100vw, 800px\" \/>        <\/div>\n                <div class=\"blockquote-post__content-author-info\">\n                    <div class=\"blockquote-post__content-author-name\">\n            Andrey Kosar          <\/div>\n                              <span class=\"blockquote-post__content-author-position\">\n            Breezy \u015firk\u0259tinin ba\u015f direktoru          <\/span>\n                  <\/div>\n      <\/div>\n    <\/div>\n  <\/div>\n<\/section>\n\n\n\n<h3 class=\"wp-block-heading has-text-color has-link-color wp-elements-5363ae602c219beda87b7c2365327ac3\" style=\"color:#1329ad\"><strong>H\u0259r \u0130stifad\u0259\u00e7inin Bilm\u0259li Oldu\u011fu \u018fn Yax\u015f\u0131 3 Davaml\u0131 \u0130nki\u015faf Trendi<\/strong><\/h3>\n\n\n\n<p>Konqres \u00fc\u00e7 m\u0259suliyy\u0259t s\u0259viyy\u0259sini m\u00fc\u0259yy\u0259n etdi v\u0259 bu s\u0259viyy\u0259l\u0259r art\u0131q Samsung, Xiaomi, Honor, Vodafone, Orange v\u0259 dig\u0259r bazar liderl\u0259ri t\u0259r\u0259find\u0259n t\u0259tbiq olunur.<\/p>\n\n\n\n<h4 class=\"wp-block-heading has-text-color has-link-color wp-elements-1838b0cd850cbafde031084ca52fd425\" style=\"color:#1329ad\"><strong>1. Dair\u0259vi t\u0259chizat z\u0259nciri: Batareya sonsuz bir m\u0259nb\u0259 kimi<\/strong><\/h4>\n\n\n\n<p>T\u0259r\u0259fda\u015f\u0131m\u0131z <strong>Samsung<\/strong> &#8220;\u00e7\u0131xar\u0131b at\u0131n&#8221; modelind\u0259n qapal\u0131 d\u00f6vr\u0259li h\u0259ll yoluna ke\u00e7id n\u00fcmayi\u015f etdirdi. <em>&#8220;Planet \u00fc\u00e7\u00fcn Galaxy&#8221;<\/em> proqram\u0131n\u0131n bir hiss\u0259si olaraq, Galaxy S26 seriyas\u0131 t\u0259krar emal olunmu\u015f okean plastikind\u0259n v\u0259 i\u015fl\u0259nmi\u015f batareyalardan b\u0259rpa olunan kobaltdan istifad\u0259 edir.   <\/p>\n\n\n\n<figure class=\"wp-block-image size-large\"><img loading=\"lazy\" decoding=\"async\" width=\"1024\" height=\"454\" src=\"https:\/\/breezy.band\/wp-content\/uploads\/2026\/03\/telegram-cloud-photo-size-2-5273949390152341905-y-1024x454.jpg\" alt=\"\" class=\"wp-image-29303\" srcset=\"https:\/\/breezy.band\/wp-content\/uploads\/2026\/03\/telegram-cloud-photo-size-2-5273949390152341905-y-1024x454.jpg 1024w, https:\/\/breezy.band\/wp-content\/uploads\/2026\/03\/telegram-cloud-photo-size-2-5273949390152341905-y-300x133.jpg 300w, https:\/\/breezy.band\/wp-content\/uploads\/2026\/03\/telegram-cloud-photo-size-2-5273949390152341905-y-768x340.jpg 768w, https:\/\/breezy.band\/wp-content\/uploads\/2026\/03\/telegram-cloud-photo-size-2-5273949390152341905-y.jpg 1280w\" sizes=\"auto, (max-width: 1024px) 100vw, 1024px\" \/><\/figure>\n\n\n\n<p><strong>Black Mass<\/strong> texnologiyas\u0131, \u00f6mr\u00fcn\u00fc bitirmi\u015f cihazlardan v\u0259 s\u0259naye tullant\u0131lar\u0131ndan t\u0259miz metallar\u0131n (kobalt, litium v\u0259 nikel) 95%-\u0259 q\u0259d\u0259rinin b\u0259rpas\u0131na imkan verir. Bu, batareyan\u0131n karbon izini 20-30% azald\u0131r v\u0259 xammal \u00e7at\u0131\u015fmazl\u0131\u011f\u0131na baxmayaraq qiym\u0259tl\u0259ri sabitl\u0259\u015fdirir. <strong>Fairphone<\/strong> v\u0259 <strong>Nokia (HMD) \u015firk\u0259tl\u0259ri<\/strong> bu tendensiyan\u0131 ev t\u0259miri \u00fc\u00e7\u00fcn modul dizaynlarla q\u0259bul ed\u0259r\u0259k cihazlar\u0131n\u0131n \u00f6mr\u00fcn\u00fc 5-7 il\u0259 q\u0259d\u0259r uzad\u0131blar. <\/p>\n\n\n\n<h4 class=\"wp-block-heading has-text-color has-link-color wp-elements-044b88bc7a43a64b5e77628260487579\" style=\"color:#1329ad\"><strong>2. S\u00fcni intellektl\u0259 enerji idar\u0259etm\u0259si: \u015f\u0259b\u0259k\u0259l\u0259rd\u0259 a\u011f\u0131ll\u0131 q\u0259na\u0259t<\/strong><\/h4>\n\n\n\n<p>\u0130nfrastruktur liderl\u0259ri v\u0259 operatorlar\u0131 (t\u0259r\u0259fda\u015flar\u0131m\u0131z <strong>Vodafone<\/strong> v\u0259 <strong>Orange<\/strong> da daxil olmaqla) <strong>S\u0131f\u0131r Bit \u2013 S\u0131f\u0131r Vatt<\/strong> konsepsiyas\u0131n\u0131 t\u0259qdim etdil\u0259r. S\u00fcni intellekt trafiki real vaxt rejimind\u0259 t\u0259hlil edir, istifad\u0259 olunmam\u0131\u015f tezlikl\u0259ri v\u0259 ya antenalar\u0131 millisaniy\u0259lik olaraq ba\u011flay\u0131r. <\/p>\n\n\n\n<p>\u201cCellnex\u201d \u015firk\u0259ti g\u00fcn\u0259\u015f enerjisi il\u0259 i\u015fl\u0259y\u0259n muxtar baza stansiyalar\u0131 n\u00fcmayi\u015f etdirib, <strong>\u201cQualcomm\u201d<\/strong> , <strong>\u201cNVIDIA\u201d<\/strong> v\u0259 <strong>\u201cIntel\u201d \u015firk\u0259tl\u0259ri<\/strong> is\u0259 vatt ba\u015f\u0131na maksimum performansa malik \u00e7ipsetl\u0259r\u0259 diqq\u0259t yetiribl\u0259r. Bu optimalla\u015fd\u0131rma operatorlara enerjinin 30%-\u0259 q\u0259d\u0259rin\u0259 (v\u0259 \u0259sas \u015f\u0259b\u0259k\u0259d\u0259 65%-\u0259 q\u0259d\u0259rin\u0259) q\u0259na\u0259t etm\u0259y\u0259 k\u00f6m\u0259k edir v\u0259 abun\u0259\u00e7i tarifl\u0259rini sabit saxlay\u0131r. <\/p>\n\n\n\n<h4 class=\"wp-block-heading has-text-color has-link-color wp-elements-6118576ddc5a8239c3096a3236dcd192\" style=\"color:#1329ad\"><strong>3. 3-c\u00fc \u018fhat\u0259 Dair\u0259si \u00fc\u00e7\u00fcn Kollektiv M\u0259suliyy\u0259t<\/strong><\/h4>\n\n\n\n<p>MWC-d\u0259 \u0259sas m\u00f6vzu \u018fhat\u0259 Dair\u0259si 3 idi \u2014 t\u0259chizat\u00e7\u0131lar\u0131n fabrikl\u0259rinin \u0259traf m\u00fchit g\u00f6st\u0259ricil\u0259rind\u0259n tutmu\u015f evd\u0259 smartfonunuzu doldurmaq \u00fc\u00e7\u00fcn istifad\u0259 etdiyiniz enerjiy\u0259 q\u0259d\u0259r b\u00fct\u00fcn d\u0259y\u0259r z\u0259nciri boyunca dolay\u0131 emissiyalar.<\/p>\n\n\n\n<p><strong>Qualcomm \u015firk\u0259tl\u0259ri<\/strong> logistika v\u0259 xammal t\u0259chizat\u0131 \u00fc\u00e7\u00fcn m\u0259suliyy\u0259t da\u015f\u0131y\u0131rlar. N\u0259tic\u0259 etibaril\u0259, 7-8 illik proqram t\u0259minat\u0131 d\u0259st\u0259yi (Google v\u0259 Samsung t\u0259r\u0259find\u0259n standartla\u015fd\u0131r\u0131l\u0131b) normaya \u00e7evrilir: daha uzun \u00f6m\u00fcrl\u00fcl\u00fck daha az tullant\u0131 dem\u0259kdir. Bu, h\u0259m\u00e7inin minimal qabla\u015fd\u0131rmaya, laz\u0131ms\u0131z aksesuarlar\u0131n aradan qald\u0131r\u0131lmas\u0131na v\u0259 yeni pul qazanma modell\u0259rin\u0259 g\u0259tirib \u00e7\u0131xar\u0131r.<\/p>\n\n\n\n<section id=\"blockquote-post-block_a366bd770f023b390a59c005b0419c1b\" class=\"blockquote-post container  alignfull\">\n  <div class=\"blockquote-post__inner\">\n\n    <div class=\"blockquote-post__content\">\n      <svg width=\"27\" height=\"24\" viewBox=\"0 0 27 24\" fill=\"none\" xmlns=\"http:\/\/www.w3.org\/2000\/svg\">\n        <path fill-rule=\"evenodd\" clip-rule=\"evenodd\" d=\"M-0.000270844 24H3.41349H6.57697L15.1108 0H8.49011L1.76424 18.9099L-0.000270844 24Z\" fill=\"url(#paint0_linear_889_1242)\" \/>\n        <path fill-rule=\"evenodd\" clip-rule=\"evenodd\" d=\"M11.4743 24H14.8881H18.0516L26.5854 0H19.9647L13.2388 18.9099L11.4743 24Z\" fill=\"url(#paint1_linear_889_1242)\" \/>\n        <defs>\n          <linearGradient id=\"paint0_linear_889_1242\" x1=\"-0.161888\" y1=\"23.8788\" x2=\"8.60579\" y2=\"0.121254\" gradientUnits=\"userSpaceOnUse\">\n            <stop offset=\"0.126456\" stop-color=\"#161FF9\" stop-opacity=\"0\" \/>\n            <stop offset=\"0.679594\" stop-color=\"#161FF9\" \/>\n            <stop offset=\"1\" stop-color=\"#161FF9\" \/>\n          <\/linearGradient>\n          <linearGradient id=\"paint1_linear_889_1242\" x1=\"11.3127\" y1=\"23.8788\" x2=\"20.0804\" y2=\"0.121254\" gradientUnits=\"userSpaceOnUse\">\n            <stop offset=\"0.126456\" stop-color=\"#161FF9\" stop-opacity=\"0\" \/>\n            <stop offset=\"0.679594\" stop-color=\"#161FF9\" \/>\n            <stop offset=\"1\" stop-color=\"#161FF9\" \/>\n          <\/linearGradient>\n        <\/defs>\n      <\/svg>\n\n            <div class=\"blockquote-post__content-text\">\n        <p><em>Breezy-d\u0259 m\u0259qs\u0259dimiz m\u00fcbadil\u0259 v\u0259 yenil\u0259m\u0259 prosesini o q\u0259d\u0259r sad\u0259l\u0259\u015fdirm\u0259kdir ki, istifad\u0259\u00e7il\u0259r sad\u0259c\u0259 daha rahat v\u0259 q\u0259na\u0259tcil olduqlar\u0131 \u00fc\u00e7\u00fcn ekoloji c\u0259h\u0259td\u0259n t\u0259miz istehlak\u0131 se\u00e7sinl\u0259r.<\/em><\/p>\n<div id=\"gtx-trans\" style=\"position: absolute; left: 140px; top: 86px;\">\n<div class=\"gtx-trans-icon\"><\/div>\n<\/div>\n      <\/div>\n      \n      <div class=\"blockquote-post__content-author\">\n                <div class=\"blockquote-post__content-author-photo\">\n          <img decoding=\"async\" width=\"1080\" height=\"1080\" src=\"https:\/\/breezy.band\/wp-content\/uploads\/2025\/10\/turn-18.png\" class=\"attachment-full size-full\" alt=\"Jan Mazur\" loading=\"lazy\" srcset=\"https:\/\/breezy.band\/wp-content\/uploads\/2025\/10\/turn-18.png 1080w, https:\/\/breezy.band\/wp-content\/uploads\/2025\/10\/turn-18-300x300.png 300w, https:\/\/breezy.band\/wp-content\/uploads\/2025\/10\/turn-18-1024x1024.png 1024w, https:\/\/breezy.band\/wp-content\/uploads\/2025\/10\/turn-18-150x150.png 150w, https:\/\/breezy.band\/wp-content\/uploads\/2025\/10\/turn-18-768x768.png 768w, https:\/\/breezy.band\/wp-content\/uploads\/2025\/10\/turn-18-100x100.png 100w\" sizes=\"auto, (max-width: 1080px) 100vw, 1080px\" \/>        <\/div>\n                <div class=\"blockquote-post__content-author-info\">\n                    <div class=\"blockquote-post__content-author-name\">\n            Jan Mazur          <\/div>\n                              <span class=\"blockquote-post__content-author-position\">\n            Breezy-d\u0259 m\u0259hsul meneceri          <\/span>\n                  <\/div>\n      <\/div>\n    <\/div>\n  <\/div>\n<\/section>\n\n\n\n<h3 class=\"wp-block-heading has-text-color has-link-color wp-elements-2863d580a1f796dcb1c3164685923ffd\" style=\"color:#1329ad\"><strong>Bu, c\u00fczdan\u0131n\u0131za nec\u0259 t\u0259sir ed\u0259c\u0259k?<\/strong><\/h3>\n\n\n\n<p>MWC m\u00fct\u0259x\u0259ssisl\u0259rinin proqnozlar\u0131n\u0131 c\u0259dv\u0259ld\u0259 t\u0259rtib etdik. Eko-t\u0259\u015f\u0259bb\u00fcsl\u0259r investisiya t\u0259l\u0259b ets\u0259 d\u0259, istehlak\u00e7\u0131lar uzunm\u00fcdd\u0259tli perspektivd\u0259 bundan faydalanacaqlar. <\/p>\n\n\n\n<figure class=\"wp-block-table is-style-stripes has-medium-font-size\"><table><tbody><tr><td><strong>Parametr<\/strong><\/td><td><strong>Qiym\u0259t\u0259 t\u0259sir<\/strong><\/td><td><strong>Niy\u0259? (Konqres m\u0259lumatlar\u0131na \u0259sas\u0259n) <\/strong><\/td><\/tr><tr><td><strong>Yeni flaqman\u0131n qiym\u0259ti<\/strong><\/td><td>5-10% art\u0131m<\/td><td>Daha y\u00fcks\u0259k komponent x\u0259rcl\u0259ri v\u0259 ekoloji sertifikatla\u015fd\u0131rma; lakin t\u0259krar emal xammal \u00e7at\u0131\u015fmazl\u0131\u011f\u0131n\u0131 azald\u0131r.<\/td><\/tr><tr><td><strong>\u0130llik m\u00fclkiyy\u0259t d\u0259y\u0259ri<\/strong><\/td><td><strong>Azalt<\/strong><br> <strong>15% il\u0259<\/strong><\/td><td>Daha uzun \u00f6m\u00fcr m\u00fcdd\u0259ti (7+ illik yenil\u0259m\u0259l\u0259r), abun\u0259lik modell\u0259ri il\u0259 m\u00fcbadil\u0259 zaman\u0131 y\u00fcks\u0259k qal\u0131q d\u0259y\u0259ri.<\/td><\/tr><tr><td><strong>Rabit\u0259 tarifl\u0259ri<\/strong><\/td><td>Sabitlik + elastiklik<\/td><td>S\u00fcni intellekt vasit\u0259sil\u0259 enerji q\u0259na\u0259ti inflyasiyan\u0131 kompensasiya edir; pik saatlardan k\u0259nar istifad\u0259 \u00fc\u00e7\u00fcn bonuslarla ekoloji tarifl\u0259r t\u0259tbiq olunur<\/td><\/tr><tr><td><strong>\u018flav\u0259 xidm\u0259tl\u0259r <\/strong><\/td><td>Yeni monetizasiya<\/td><td>\u00d6d\u0259ni\u015fli s\u00fcni intellekt h\u0259r 5 ild\u0259n bir yenil\u0259nir; Scope 3 emissiyalar\u0131n\u0131 azaltmaq \u00fc\u00e7\u00fcn kompakt qabla\u015fd\u0131rma v\u0259 minimal aksessuarlar<\/td><\/tr><\/tbody><\/table><\/figure>\n\n\n\n<h3 class=\"wp-block-heading has-text-color has-link-color wp-elements-02f20f34956ded9b5240d25d209bbb5e\" style=\"color:#1329ad\"><strong>Breezy niy\u0259 bu biliy\u0259 d\u0259y\u0259r verir<\/strong><\/h3>\n\n\n\n<p>MWC 2026, Breezy-nin do\u011fru yolda oldu\u011funu t\u0259sdiql\u0259yir. Pe\u015f\u0259kar T\u0259mir v\u0259 M\u00fcbadil\u0259 proqramlar\u0131m\u0131z say\u0259sind\u0259 t\u0259r\u0259fda\u015flar\u0131m\u0131z\u0131n cihazlar\u0131n\u0131n (Samsung, Xiaomi, HONOR v\u0259 dig\u0259rl\u0259ri) daha uzun m\u00fcdd\u0259t i\u015fl\u0259m\u0259sin\u0259 k\u00f6m\u0259k edirik.<\/p>\n\n\n\n<p>T\u0259r\u0259fda\u015flar\u0131m\u0131zla birlikd\u0259, planetimizin g\u0259l\u0259c\u0259yi \u00fc\u00e7\u00fcn prosesl\u0259ri optimalla\u015fd\u0131raraq, qabaqc\u0131l texnologiyalar\u0131n h\u0259r k\u0259s \u00fc\u00e7\u00fcn \u0259l\u00e7atan olmas\u0131n\u0131 t\u0259min edirik.<\/p>\n\n\n\n<p><strong>Biznesinizd\u0259 dayan\u0131ql\u0131 h\u0259ll\u0259r t\u0259tbiq etm\u0259k v\u0259 ya cihaz\u0131n\u0131z\u0131 s\u0259rf\u0259li \u015f\u0259kild\u0259 t\u0259kmill\u0259\u015fdirm\u0259k ist\u0259yirsiniz?<\/strong>  Breezy t\u0259r\u0259fda\u015f ma\u011fazalar\u0131nda m\u00fcbadil\u0259 proqramlar\u0131ndan istifad\u0259 ed\u0259r\u0259k cihaz\u0131n\u0131z\u0131n t\u0259xmini d\u0259y\u0259rini yoxlay\u0131n. Alternativ olaraq, veb sayt\u0131m\u0131zda sor\u011fu g\u00f6nd\u0259rin v\u0259 ya sosial mediada biziml\u0259 \u0259laq\u0259 saxlay\u0131n \u2014 menecerimiz b\u00fct\u00fcn detallar\u0131 m\u00fczakir\u0259 etm\u0259k \u00fc\u00e7\u00fcn sizinl\u0259 \u0259laq\u0259 saxlayacaq. <br><\/p>\n","protected":false},"excerpt":{"rendered":"<p>T\u0259s\u0259vv\u00fcr edin: Fairphone telefonu adi tornavida il\u0259 bir ne\u00e7\u0259 d\u0259qiq\u0259y\u0259 s\u00f6k\u00fcl\u00fcb yeddi il istifad\u0259 edil\u0259 bil\u0259r, Deutsche Telekom is\u0259 pula q\u0259na\u0259t etm\u0259k \u00fc\u00e7\u00fcn baza stansiyalar\u0131n\u0131 millisaniy\u0259lik s\u00f6nd\u00fcr\u00fcr &#8211; n\u0259tic\u0259d\u0259 m\u00fc\u015ft\u0259ril\u0259r rabit\u0259l\u0259rin\u0259 daha az pul \u00f6d\u0259yirl\u0259r. Breezy komandas\u0131, o c\u00fcml\u0259d\u0259n ba\u015f direktor Andrey Kosar v\u0259 m\u0259hsul ticar\u0259ti meneceri Yan Mazur , MWC 2026-dan qay\u0131td\u0131lar. Texnologiya n\u0259h\u0259ngl\u0259rinin&#8230;<\/p>\n","protected":false},"author":1,"featured_media":29271,"comment_status":"closed","ping_status":"closed","sticky":false,"template":"","format":"standard","meta":{"inline_featured_image":false,"footnotes":""},"categories":[493,170],"tags":[],"country":[],"class_list":["post-29355","post","type-post","status-publish","format-standard","has-post-thumbnail","hentry","category-mqal","category-uncategorized"],"acf":[],"yoast_head":"<!-- This site is optimized with the Yoast SEO plugin v26.9 - https:\/\/yoast.com\/product\/yoast-seo-wordpress\/ -->\n<title>\u0130T-d\u0259 ya\u015f\u0131lla\u015fd\u0131rma d\u00f6vr\u00fc ba\u015fa \u00e7at\u0131r: Barselonada ke\u00e7iril\u0259n MWC 2026 n\u0259tic\u0259l\u0259ri - Breezy Site<\/title>\n<meta name=\"description\" content=\"MWC 2026-n\u0131n niy\u0259 &quot;ya\u015f\u0131l yuma&quot;n\u0131n sonunu qeyd etdiyini \u00f6yr\u0259nin. Breezy \u015firk\u0259tinin ba\u015f direktoru Andriy Kosar modul texnologiyalar\u0131, s\u00fcni intellektin enerji s\u0259m\u0259r\u0259liliyi v\u0259 yeni dair\u0259vi iqtisadiyyat haqq\u0131nda fikirl\u0259rini b\u00f6l\u00fc\u015f\u00fcr.\" \/>\n<meta name=\"robots\" content=\"index, follow, max-snippet:-1, max-image-preview:large, max-video-preview:-1\" \/>\n<link rel=\"canonical\" href=\"https:\/\/breezy.band\/az-az\/it-d%c9%99-yasillasdirma-dovru-basa-catir-barselonada-keciril%c9%99n-mwc-2026-n%c9%99tic%c9%99l%c9%99ri\/\" \/>\n<meta property=\"og:locale\" content=\"az_AZ\" \/>\n<meta property=\"og:type\" content=\"article\" \/>\n<meta property=\"og:title\" content=\"\u0130T-d\u0259 ya\u015f\u0131lla\u015fd\u0131rma d\u00f6vr\u00fc ba\u015fa \u00e7at\u0131r: Barselonada ke\u00e7iril\u0259n MWC 2026 n\u0259tic\u0259l\u0259ri - Breezy Site\" \/>\n<meta property=\"og:description\" content=\"MWC 2026-n\u0131n niy\u0259 &quot;ya\u015f\u0131l yuma&quot;n\u0131n sonunu qeyd etdiyini \u00f6yr\u0259nin. Breezy \u015firk\u0259tinin ba\u015f direktoru Andriy Kosar modul texnologiyalar\u0131, s\u00fcni intellektin enerji s\u0259m\u0259r\u0259liliyi v\u0259 yeni dair\u0259vi iqtisadiyyat haqq\u0131nda fikirl\u0259rini b\u00f6l\u00fc\u015f\u00fcr.\" \/>\n<meta property=\"og:url\" content=\"https:\/\/breezy.band\/az-az\/it-d%c9%99-yasillasdirma-dovru-basa-catir-barselonada-keciril%c9%99n-mwc-2026-n%c9%99tic%c9%99l%c9%99ri\/\" \/>\n<meta property=\"og:site_name\" content=\"Breezy Site\" \/>\n<meta property=\"article:published_time\" content=\"2026-03-16T10:25:54+00:00\" \/>\n<meta property=\"article:modified_time\" content=\"2026-03-17T07:59:19+00:00\" \/>\n<meta property=\"og:image\" content=\"https:\/\/breezy.band\/wp-content\/uploads\/2026\/03\/gemini_generated_image_qk87w4qk87w4qk87-e1773655389309.png\" \/>\n\t<meta property=\"og:image:width\" content=\"1376\" \/>\n\t<meta property=\"og:image:height\" content=\"768\" \/>\n\t<meta property=\"og:image:type\" content=\"image\/png\" \/>\n<meta name=\"author\" content=\"admin\" \/>\n<meta name=\"twitter:card\" content=\"summary_large_image\" \/>\n<meta name=\"twitter:label1\" content=\"Written by\" \/>\n\t<meta name=\"twitter:data1\" content=\"admin\" \/>\n\t<meta name=\"twitter:label2\" content=\"Est. reading time\" \/>\n\t<meta name=\"twitter:data2\" content=\"4 minutes\" \/>\n<script type=\"application\/ld+json\" class=\"yoast-schema-graph\">{\"@context\":\"https:\/\/schema.org\",\"@graph\":[{\"@type\":\"Article\",\"@id\":\"https:\/\/breezy.band\/az-az\/it-d%c9%99-yasillasdirma-dovru-basa-catir-barselonada-keciril%c9%99n-mwc-2026-n%c9%99tic%c9%99l%c9%99ri\/#article\",\"isPartOf\":{\"@id\":\"https:\/\/breezy.band\/az-az\/it-d%c9%99-yasillasdirma-dovru-basa-catir-barselonada-keciril%c9%99n-mwc-2026-n%c9%99tic%c9%99l%c9%99ri\/\"},\"author\":{\"name\":\"admin\",\"@id\":\"https:\/\/breezy.band\/az-az\/#\/schema\/person\/dd22f7463383d2f37aa235261e187a3e\"},\"headline\":\"\u0130T-d\u0259 ya\u015f\u0131lla\u015fd\u0131rma d\u00f6vr\u00fc ba\u015fa \u00e7at\u0131r: Barselonada ke\u00e7iril\u0259n MWC 2026 n\u0259tic\u0259l\u0259ri\",\"datePublished\":\"2026-03-16T10:25:54+00:00\",\"dateModified\":\"2026-03-17T07:59:19+00:00\",\"mainEntityOfPage\":{\"@id\":\"https:\/\/breezy.band\/az-az\/it-d%c9%99-yasillasdirma-dovru-basa-catir-barselonada-keciril%c9%99n-mwc-2026-n%c9%99tic%c9%99l%c9%99ri\/\"},\"wordCount\":1022,\"image\":{\"@id\":\"https:\/\/breezy.band\/az-az\/it-d%c9%99-yasillasdirma-dovru-basa-catir-barselonada-keciril%c9%99n-mwc-2026-n%c9%99tic%c9%99l%c9%99ri\/#primaryimage\"},\"thumbnailUrl\":\"https:\/\/breezy.band\/wp-content\/uploads\/2026\/03\/gemini_generated_image_qk87w4qk87w4qk87-e1773655389309.png\",\"articleSection\":[\"M\u0259qal\u0259\"],\"inLanguage\":\"az-az\"},{\"@type\":\"WebPage\",\"@id\":\"https:\/\/breezy.band\/az-az\/it-d%c9%99-yasillasdirma-dovru-basa-catir-barselonada-keciril%c9%99n-mwc-2026-n%c9%99tic%c9%99l%c9%99ri\/\",\"url\":\"https:\/\/breezy.band\/az-az\/it-d%c9%99-yasillasdirma-dovru-basa-catir-barselonada-keciril%c9%99n-mwc-2026-n%c9%99tic%c9%99l%c9%99ri\/\",\"name\":\"\u0130T-d\u0259 ya\u015f\u0131lla\u015fd\u0131rma d\u00f6vr\u00fc ba\u015fa \u00e7at\u0131r: Barselonada ke\u00e7iril\u0259n MWC 2026 n\u0259tic\u0259l\u0259ri - Breezy Site\",\"isPartOf\":{\"@id\":\"https:\/\/breezy.band\/az-az\/#website\"},\"primaryImageOfPage\":{\"@id\":\"https:\/\/breezy.band\/az-az\/it-d%c9%99-yasillasdirma-dovru-basa-catir-barselonada-keciril%c9%99n-mwc-2026-n%c9%99tic%c9%99l%c9%99ri\/#primaryimage\"},\"image\":{\"@id\":\"https:\/\/breezy.band\/az-az\/it-d%c9%99-yasillasdirma-dovru-basa-catir-barselonada-keciril%c9%99n-mwc-2026-n%c9%99tic%c9%99l%c9%99ri\/#primaryimage\"},\"thumbnailUrl\":\"https:\/\/breezy.band\/wp-content\/uploads\/2026\/03\/gemini_generated_image_qk87w4qk87w4qk87-e1773655389309.png\",\"datePublished\":\"2026-03-16T10:25:54+00:00\",\"dateModified\":\"2026-03-17T07:59:19+00:00\",\"author\":{\"@id\":\"https:\/\/breezy.band\/az-az\/#\/schema\/person\/dd22f7463383d2f37aa235261e187a3e\"},\"description\":\"MWC 2026-n\u0131n niy\u0259 \\\"ya\u015f\u0131l yuma\\\"n\u0131n sonunu qeyd etdiyini \u00f6yr\u0259nin. Breezy \u015firk\u0259tinin ba\u015f direktoru Andriy Kosar modul texnologiyalar\u0131, s\u00fcni intellektin enerji s\u0259m\u0259r\u0259liliyi v\u0259 yeni dair\u0259vi iqtisadiyyat haqq\u0131nda fikirl\u0259rini b\u00f6l\u00fc\u015f\u00fcr.\",\"breadcrumb\":{\"@id\":\"https:\/\/breezy.band\/az-az\/it-d%c9%99-yasillasdirma-dovru-basa-catir-barselonada-keciril%c9%99n-mwc-2026-n%c9%99tic%c9%99l%c9%99ri\/#breadcrumb\"},\"inLanguage\":\"az-az\",\"potentialAction\":[{\"@type\":\"ReadAction\",\"target\":[\"https:\/\/breezy.band\/az-az\/it-d%c9%99-yasillasdirma-dovru-basa-catir-barselonada-keciril%c9%99n-mwc-2026-n%c9%99tic%c9%99l%c9%99ri\/\"]}]},{\"@type\":\"ImageObject\",\"inLanguage\":\"az-az\",\"@id\":\"https:\/\/breezy.band\/az-az\/it-d%c9%99-yasillasdirma-dovru-basa-catir-barselonada-keciril%c9%99n-mwc-2026-n%c9%99tic%c9%99l%c9%99ri\/#primaryimage\",\"url\":\"https:\/\/breezy.band\/wp-content\/uploads\/2026\/03\/gemini_generated_image_qk87w4qk87w4qk87-e1773655389309.png\",\"contentUrl\":\"https:\/\/breezy.band\/wp-content\/uploads\/2026\/03\/gemini_generated_image_qk87w4qk87w4qk87-e1773655389309.png\",\"width\":1376,\"height\":768},{\"@type\":\"BreadcrumbList\",\"@id\":\"https:\/\/breezy.band\/az-az\/it-d%c9%99-yasillasdirma-dovru-basa-catir-barselonada-keciril%c9%99n-mwc-2026-n%c9%99tic%c9%99l%c9%99ri\/#breadcrumb\",\"itemListElement\":[{\"@type\":\"ListItem\",\"position\":1,\"name\":\"Home\",\"item\":\"https:\/\/breezy.band\/az-az\/\"},{\"@type\":\"ListItem\",\"position\":2,\"name\":\"\u0130T-d\u0259 ya\u015f\u0131lla\u015fd\u0131rma d\u00f6vr\u00fc ba\u015fa \u00e7at\u0131r: Barselonada ke\u00e7iril\u0259n MWC 2026 n\u0259tic\u0259l\u0259ri\"}]},{\"@type\":\"WebSite\",\"@id\":\"https:\/\/breezy.band\/az-az\/#website\",\"url\":\"https:\/\/breezy.band\/az-az\/\",\"name\":\"Breezy\",\"description\":\"Breezy\",\"potentialAction\":[{\"@type\":\"SearchAction\",\"target\":{\"@type\":\"EntryPoint\",\"urlTemplate\":\"https:\/\/breezy.band\/az-az\/?s={search_term_string}\"},\"query-input\":{\"@type\":\"PropertyValueSpecification\",\"valueRequired\":true,\"valueName\":\"search_term_string\"}}],\"inLanguage\":\"az-az\"},{\"@type\":\"Person\",\"@id\":\"https:\/\/breezy.band\/az-az\/#\/schema\/person\/dd22f7463383d2f37aa235261e187a3e\",\"name\":\"admin\",\"image\":{\"@type\":\"ImageObject\",\"inLanguage\":\"az-az\",\"@id\":\"https:\/\/breezy.band\/az-az\/#\/schema\/person\/image\/\",\"url\":\"https:\/\/secure.gravatar.com\/avatar\/56cbfe3aded7b023ab3f0eea30c43566839d74dde145e813f73c6fad05d2dee0?s=96&d=mm&r=g\",\"contentUrl\":\"https:\/\/secure.gravatar.com\/avatar\/56cbfe3aded7b023ab3f0eea30c43566839d74dde145e813f73c6fad05d2dee0?s=96&d=mm&r=g\",\"caption\":\"admin\"},\"url\":\"https:\/\/breezy.band\/az-az\/author\/admin\/\"}]}<\/script>\n<!-- \/ Yoast SEO plugin. -->","yoast_head_json":{"title":"\u0130T-d\u0259 ya\u015f\u0131lla\u015fd\u0131rma d\u00f6vr\u00fc ba\u015fa \u00e7at\u0131r: Barselonada ke\u00e7iril\u0259n MWC 2026 n\u0259tic\u0259l\u0259ri - Breezy Site","description":"MWC 2026-n\u0131n niy\u0259 \"ya\u015f\u0131l yuma\"n\u0131n sonunu qeyd etdiyini \u00f6yr\u0259nin. Breezy \u015firk\u0259tinin ba\u015f direktoru Andriy Kosar modul texnologiyalar\u0131, s\u00fcni intellektin enerji s\u0259m\u0259r\u0259liliyi v\u0259 yeni dair\u0259vi iqtisadiyyat haqq\u0131nda fikirl\u0259rini b\u00f6l\u00fc\u015f\u00fcr.","robots":{"index":"index","follow":"follow","max-snippet":"max-snippet:-1","max-image-preview":"max-image-preview:large","max-video-preview":"max-video-preview:-1"},"canonical":"https:\/\/breezy.band\/az-az\/it-d%c9%99-yasillasdirma-dovru-basa-catir-barselonada-keciril%c9%99n-mwc-2026-n%c9%99tic%c9%99l%c9%99ri\/","og_locale":"az_AZ","og_type":"article","og_title":"\u0130T-d\u0259 ya\u015f\u0131lla\u015fd\u0131rma d\u00f6vr\u00fc ba\u015fa \u00e7at\u0131r: Barselonada ke\u00e7iril\u0259n MWC 2026 n\u0259tic\u0259l\u0259ri - Breezy Site","og_description":"MWC 2026-n\u0131n niy\u0259 \"ya\u015f\u0131l yuma\"n\u0131n sonunu qeyd etdiyini \u00f6yr\u0259nin. Breezy \u015firk\u0259tinin ba\u015f direktoru Andriy Kosar modul texnologiyalar\u0131, s\u00fcni intellektin enerji s\u0259m\u0259r\u0259liliyi v\u0259 yeni dair\u0259vi iqtisadiyyat haqq\u0131nda fikirl\u0259rini b\u00f6l\u00fc\u015f\u00fcr.","og_url":"https:\/\/breezy.band\/az-az\/it-d%c9%99-yasillasdirma-dovru-basa-catir-barselonada-keciril%c9%99n-mwc-2026-n%c9%99tic%c9%99l%c9%99ri\/","og_site_name":"Breezy Site","article_published_time":"2026-03-16T10:25:54+00:00","article_modified_time":"2026-03-17T07:59:19+00:00","og_image":[{"width":1376,"height":768,"url":"https:\/\/breezy.band\/wp-content\/uploads\/2026\/03\/gemini_generated_image_qk87w4qk87w4qk87-e1773655389309.png","type":"image\/png"}],"author":"admin","twitter_card":"summary_large_image","twitter_misc":{"Written by":"admin","Est. reading time":"4 minutes"},"schema":{"@context":"https:\/\/schema.org","@graph":[{"@type":"Article","@id":"https:\/\/breezy.band\/az-az\/it-d%c9%99-yasillasdirma-dovru-basa-catir-barselonada-keciril%c9%99n-mwc-2026-n%c9%99tic%c9%99l%c9%99ri\/#article","isPartOf":{"@id":"https:\/\/breezy.band\/az-az\/it-d%c9%99-yasillasdirma-dovru-basa-catir-barselonada-keciril%c9%99n-mwc-2026-n%c9%99tic%c9%99l%c9%99ri\/"},"author":{"name":"admin","@id":"https:\/\/breezy.band\/az-az\/#\/schema\/person\/dd22f7463383d2f37aa235261e187a3e"},"headline":"\u0130T-d\u0259 ya\u015f\u0131lla\u015fd\u0131rma d\u00f6vr\u00fc ba\u015fa \u00e7at\u0131r: Barselonada ke\u00e7iril\u0259n MWC 2026 n\u0259tic\u0259l\u0259ri","datePublished":"2026-03-16T10:25:54+00:00","dateModified":"2026-03-17T07:59:19+00:00","mainEntityOfPage":{"@id":"https:\/\/breezy.band\/az-az\/it-d%c9%99-yasillasdirma-dovru-basa-catir-barselonada-keciril%c9%99n-mwc-2026-n%c9%99tic%c9%99l%c9%99ri\/"},"wordCount":1022,"image":{"@id":"https:\/\/breezy.band\/az-az\/it-d%c9%99-yasillasdirma-dovru-basa-catir-barselonada-keciril%c9%99n-mwc-2026-n%c9%99tic%c9%99l%c9%99ri\/#primaryimage"},"thumbnailUrl":"https:\/\/breezy.band\/wp-content\/uploads\/2026\/03\/gemini_generated_image_qk87w4qk87w4qk87-e1773655389309.png","articleSection":["M\u0259qal\u0259"],"inLanguage":"az-az"},{"@type":"WebPage","@id":"https:\/\/breezy.band\/az-az\/it-d%c9%99-yasillasdirma-dovru-basa-catir-barselonada-keciril%c9%99n-mwc-2026-n%c9%99tic%c9%99l%c9%99ri\/","url":"https:\/\/breezy.band\/az-az\/it-d%c9%99-yasillasdirma-dovru-basa-catir-barselonada-keciril%c9%99n-mwc-2026-n%c9%99tic%c9%99l%c9%99ri\/","name":"\u0130T-d\u0259 ya\u015f\u0131lla\u015fd\u0131rma d\u00f6vr\u00fc ba\u015fa \u00e7at\u0131r: Barselonada ke\u00e7iril\u0259n MWC 2026 n\u0259tic\u0259l\u0259ri - Breezy Site","isPartOf":{"@id":"https:\/\/breezy.band\/az-az\/#website"},"primaryImageOfPage":{"@id":"https:\/\/breezy.band\/az-az\/it-d%c9%99-yasillasdirma-dovru-basa-catir-barselonada-keciril%c9%99n-mwc-2026-n%c9%99tic%c9%99l%c9%99ri\/#primaryimage"},"image":{"@id":"https:\/\/breezy.band\/az-az\/it-d%c9%99-yasillasdirma-dovru-basa-catir-barselonada-keciril%c9%99n-mwc-2026-n%c9%99tic%c9%99l%c9%99ri\/#primaryimage"},"thumbnailUrl":"https:\/\/breezy.band\/wp-content\/uploads\/2026\/03\/gemini_generated_image_qk87w4qk87w4qk87-e1773655389309.png","datePublished":"2026-03-16T10:25:54+00:00","dateModified":"2026-03-17T07:59:19+00:00","author":{"@id":"https:\/\/breezy.band\/az-az\/#\/schema\/person\/dd22f7463383d2f37aa235261e187a3e"},"description":"MWC 2026-n\u0131n niy\u0259 \"ya\u015f\u0131l yuma\"n\u0131n sonunu qeyd etdiyini \u00f6yr\u0259nin. Breezy \u015firk\u0259tinin ba\u015f direktoru Andriy Kosar modul texnologiyalar\u0131, s\u00fcni intellektin enerji s\u0259m\u0259r\u0259liliyi v\u0259 yeni dair\u0259vi iqtisadiyyat haqq\u0131nda fikirl\u0259rini b\u00f6l\u00fc\u015f\u00fcr.","breadcrumb":{"@id":"https:\/\/breezy.band\/az-az\/it-d%c9%99-yasillasdirma-dovru-basa-catir-barselonada-keciril%c9%99n-mwc-2026-n%c9%99tic%c9%99l%c9%99ri\/#breadcrumb"},"inLanguage":"az-az","potentialAction":[{"@type":"ReadAction","target":["https:\/\/breezy.band\/az-az\/it-d%c9%99-yasillasdirma-dovru-basa-catir-barselonada-keciril%c9%99n-mwc-2026-n%c9%99tic%c9%99l%c9%99ri\/"]}]},{"@type":"ImageObject","inLanguage":"az-az","@id":"https:\/\/breezy.band\/az-az\/it-d%c9%99-yasillasdirma-dovru-basa-catir-barselonada-keciril%c9%99n-mwc-2026-n%c9%99tic%c9%99l%c9%99ri\/#primaryimage","url":"https:\/\/breezy.band\/wp-content\/uploads\/2026\/03\/gemini_generated_image_qk87w4qk87w4qk87-e1773655389309.png","contentUrl":"https:\/\/breezy.band\/wp-content\/uploads\/2026\/03\/gemini_generated_image_qk87w4qk87w4qk87-e1773655389309.png","width":1376,"height":768},{"@type":"BreadcrumbList","@id":"https:\/\/breezy.band\/az-az\/it-d%c9%99-yasillasdirma-dovru-basa-catir-barselonada-keciril%c9%99n-mwc-2026-n%c9%99tic%c9%99l%c9%99ri\/#breadcrumb","itemListElement":[{"@type":"ListItem","position":1,"name":"Home","item":"https:\/\/breezy.band\/az-az\/"},{"@type":"ListItem","position":2,"name":"\u0130T-d\u0259 ya\u015f\u0131lla\u015fd\u0131rma d\u00f6vr\u00fc ba\u015fa \u00e7at\u0131r: Barselonada ke\u00e7iril\u0259n MWC 2026 n\u0259tic\u0259l\u0259ri"}]},{"@type":"WebSite","@id":"https:\/\/breezy.band\/az-az\/#website","url":"https:\/\/breezy.band\/az-az\/","name":"Breezy","description":"Breezy","potentialAction":[{"@type":"SearchAction","target":{"@type":"EntryPoint","urlTemplate":"https:\/\/breezy.band\/az-az\/?s={search_term_string}"},"query-input":{"@type":"PropertyValueSpecification","valueRequired":true,"valueName":"search_term_string"}}],"inLanguage":"az-az"},{"@type":"Person","@id":"https:\/\/breezy.band\/az-az\/#\/schema\/person\/dd22f7463383d2f37aa235261e187a3e","name":"admin","image":{"@type":"ImageObject","inLanguage":"az-az","@id":"https:\/\/breezy.band\/az-az\/#\/schema\/person\/image\/","url":"https:\/\/secure.gravatar.com\/avatar\/56cbfe3aded7b023ab3f0eea30c43566839d74dde145e813f73c6fad05d2dee0?s=96&d=mm&r=g","contentUrl":"https:\/\/secure.gravatar.com\/avatar\/56cbfe3aded7b023ab3f0eea30c43566839d74dde145e813f73c6fad05d2dee0?s=96&d=mm&r=g","caption":"admin"},"url":"https:\/\/breezy.band\/az-az\/author\/admin\/"}]}},"_links":{"self":[{"href":"https:\/\/breezy.band\/az-az\/wp-json\/wp\/v2\/posts\/29355","targetHints":{"allow":["GET"]}}],"collection":[{"href":"https:\/\/breezy.band\/az-az\/wp-json\/wp\/v2\/posts"}],"about":[{"href":"https:\/\/breezy.band\/az-az\/wp-json\/wp\/v2\/types\/post"}],"author":[{"embeddable":true,"href":"https:\/\/breezy.band\/az-az\/wp-json\/wp\/v2\/users\/1"}],"replies":[{"embeddable":true,"href":"https:\/\/breezy.band\/az-az\/wp-json\/wp\/v2\/comments?post=29355"}],"version-history":[{"count":2,"href":"https:\/\/breezy.band\/az-az\/wp-json\/wp\/v2\/posts\/29355\/revisions"}],"predecessor-version":[{"id":29375,"href":"https:\/\/breezy.band\/az-az\/wp-json\/wp\/v2\/posts\/29355\/revisions\/29375"}],"wp:featuredmedia":[{"embeddable":true,"href":"https:\/\/breezy.band\/az-az\/wp-json\/wp\/v2\/media\/29271"}],"wp:attachment":[{"href":"https:\/\/breezy.band\/az-az\/wp-json\/wp\/v2\/media?parent=29355"}],"wp:term":[{"taxonomy":"category","embeddable":true,"href":"https:\/\/breezy.band\/az-az\/wp-json\/wp\/v2\/categories?post=29355"},{"taxonomy":"post_tag","embeddable":true,"href":"https:\/\/breezy.band\/az-az\/wp-json\/wp\/v2\/tags?post=29355"},{"taxonomy":"country","embeddable":true,"href":"https:\/\/breezy.band\/az-az\/wp-json\/wp\/v2\/country?post=29355"}],"curies":[{"name":"wp","href":"https:\/\/api.w.org\/{rel}","templated":true}]}}