{"id":28133,"date":"2025-12-11T16:21:39","date_gmt":"2025-12-11T16:21:39","guid":{"rendered":"https:\/\/breezy.band\/dair%c9%99vi-it-nin-g%c9%99l%c9%99c%c9%99yi-retech-days-business-2025-d%c9%99n-%c9%99sas-m%c9%99lumatlar\/"},"modified":"2025-12-11T16:50:25","modified_gmt":"2025-12-11T16:50:25","slug":"dair%c9%99vi-it-nin-g%c9%99l%c9%99c%c9%99yi-retech-days-business-2025-d%c9%99n-%c9%99sas-m%c9%99lumatlar","status":"publish","type":"post","link":"https:\/\/breezy.band\/az-az\/dair%c9%99vi-it-nin-g%c9%99l%c9%99c%c9%99yi-retech-days-business-2025-d%c9%99n-%c9%99sas-m%c9%99lumatlar\/","title":{"rendered":"Dair\u0259vi \u0130T-nin G\u0259l\u0259c\u0259yi: Retech Days Business 2025-d\u0259n \u0259sas m\u0259lumatlar"},"content":{"rendered":"\n<p>Noyabr\u0131n 27-d\u0259 <strong>Breezy<\/strong> dair\u0259vi \u0130T v\u0259 davaml\u0131 elektronika s\u0259nayesind\u0259 \u0259sas t\u0259dbirl\u0259rd\u0259n biri olan <strong><a href=\"https:\/\/conferences.dataxis.com\/retech-days-business\/\">Retech Days Business 2025-d\u0259<\/a><\/strong> i\u015ftirak etdi.<br\/> \u018fm\u0259kda\u015f\u0131m\u0131z <strong>Mariya Yan\u00e7enko<\/strong> cihazlar\u0131n istifad\u0259 m\u00fcdd\u0259tinin uzad\u0131lmas\u0131, istismar m\u00fcdd\u0259tini ba\u015fa vurmu\u015f avadanl\u0131qlar\u0131n idar\u0259 edilm\u0259si, keyfiyy\u0259tin standartla\u015fd\u0131r\u0131lmas\u0131 v\u0259 t\u0259mir edilmi\u015f cihazlara inam\u0131n yarad\u0131lmas\u0131 il\u0259 ba\u011fl\u0131 panel m\u00fczakir\u0259sind\u0259 i\u015ftirak edib.<\/p>\n\n<p>Biz\u0259 qo\u015fula bilm\u0259y\u0259nl\u0259r \u00fc\u00e7\u00fcn biz Breezy-d\u0259 g\u00f6rd\u00fcy\u00fcm\u00fcz i\u015fl\u0259rl\u0259 s\u0259sl\u0259\u015f\u0259n \u0259n vacib tap\u0131nt\u0131lar\u0131 payla\u015f\u0131r\u0131q.<\/p>\n\n<h2 class=\"wp-block-heading\"><strong>1. <strong>\u0130stifad\u0259 olunmu\u015f cihazlar\u0131n dam\u011fas\u0131 h\u0259l\u0259 d\u0259 canl\u0131d\u0131r \u2013 v\u0259 bazar bununla m\u0259\u015f\u011ful olma\u011f\u0131 \u00f6yr\u0259nir<\/strong><\/strong><\/h2>\n\n<p>&amp;quot;\u0130stifad\u0259 olunmu\u015f stiqma il\u0259 nec\u0259 m\u00fcbariz\u0259 aparmal\u0131: \u0130stehlak\u00e7\u0131 G\u00fcv\u0259n, Qiym\u0259tl\u0259ndirm\u0259 v\u0259 Keyfiyy\u0259t T\u0259minat\u0131&amp;quot; panelind\u0259, artan m\u0259lumatl\u0131l\u0131\u011fa baxmayaraq, istehlak\u00e7\u0131lar\u0131n niy\u0259 h\u0259l\u0259 d\u0259 t\u0259mir edilmi\u015f cihazlardan ehtiyatl\u0131 olduqlar\u0131 m\u00fczakir\u0259 edildi.<\/p>\n\n<blockquote class=\"wp-block-quote is-layout-flow wp-block-quote-is-layout-flow\">\n<p><strong>eBay Hard Goods ba\u015f meneceri<\/strong> <strong>Simone Sievernich<\/strong> <strong>qeyd<\/strong> etdiyi kimi: <em>\u201cM\u0259lumat art\u0131r, lakin bu, h\u0259l\u0259 d\u0259 nisb\u0259t\u0259n a\u015fa\u011f\u0131d\u0131r&#8230; \u018fg\u0259r insanlar yax\u015f\u0131 t\u0259cr\u00fcb\u0259y\u0259 malik deyill\u0259rs\u0259, onlar avtomatik olaraq i\u015fl\u0259nmi\u015f cihaz\u0131 alma\u011f\u0131 yenisini almaqdan daha riskli hesab edirl\u0259r.\u201d<\/em><\/p>\n<\/blockquote>\n\n<p>Simone vur\u011fulay\u0131r ki, al\u0131c\u0131lar fayda g\u00f6rm\u0259zd\u0259n \u0259vv\u0259l riski qiym\u0259tl\u0259ndirirl\u0259r. V\u0259 bazar\u0131n m\u0259qs\u0259di bu riski idar\u0259 edil\u0259 bil\u0259n etm\u0259kdir. Buna g\u00f6r\u0259 eBay yaln\u0131z t\u0259sdiql\u0259nmi\u015f sat\u0131c\u0131lar\u0131 q\u0259bul ed\u0259n v\u0259 keyfiyy\u0259ti standartla\u015fd\u0131ran eBay Refurbished proqram\u0131n\u0131 inki\u015faf etdirir.  <\/p>\n\n<h2 class=\"wp-block-heading\"><strong>2. <strong>Qiym\u0259tl\u0259ndirm\u0259nin standartla\u015fd\u0131r\u0131lmas\u0131 olmadan bazar inki\u015faf ed\u0259 bilm\u0259y\u0259c\u0259k.<\/strong><\/strong><\/h2>\n\n<p>Eyni paneld\u0259 cihazlar\u0131n v\u0259ziyy\u0259tinin qiym\u0259tl\u0259ndirilm\u0259si \u00fc\u00e7\u00fcn vahid konseptual \u00e7\u0259r\u00e7iv\u0259y\u0259 ehtiyac da f\u0259al \u015f\u0259kild\u0259 m\u00fczakir\u0259 edildi: <strong><em>&#8220;<\/em><\/strong> <em>Standartla\u015fd\u0131rma b\u00fct\u00fcn t\u0259mir edilmi\u015f avadanl\u0131q bazar\u0131 \u00fc\u00e7\u00fcn lingua franca olmal\u0131d\u0131r&#8230; Bu \u00e7ox z\u0259ruridir.&#8221;<\/em><\/p>\n\n<p>Haz\u0131rda A\/B\/C qiym\u0259tl\u0259ri sat\u0131c\u0131lar aras\u0131nda d\u0259yi\u015fir. Bu, etibar\u0131 sars\u0131d\u0131r. Breezy-d\u0259 biz daim vur\u011fulay\u0131r\u0131q ki, s\u0259naye miqyas\u0131nda standart yaratmaq bazar\u0131n yetkinliyin\u0259 do\u011fru at\u0131lan \u0259sas add\u0131mlardan biridir.  <\/p>\n\n<h2 class=\"wp-block-heading\"><strong>3. <strong>\u0130stehlak\u00e7\u0131 \u00fc\u00e7\u00fcn d\u0259y\u0259r t\u0259kc\u0259 qiym\u0259tl\u0259 deyil, h\u0259m d\u0259 \u015f\u0259ffafl\u0131qla yarad\u0131l\u0131r<\/strong><\/strong><\/h2>\n\n<blockquote class=\"wp-block-quote is-layout-flow wp-block-quote-is-layout-flow\">\n<p><strong>Lenovonun Davaml\u0131l\u0131q H\u0259ll\u0259ri \u00fczr\u0259 M\u0259sl\u0259h\u0259t\u00e7isi Alexandra Asanache<\/strong> qeyd etdiyi kimi: <em>\u201cQiym\u0259t diqq\u0259ti c\u0259lb edir, z\u0259man\u0259t t\u0259hl\u00fck\u0259sizlik hissi yarad\u0131r v\u0259 d\u0259qiq qiym\u0259tl\u0259ndirm\u0259 v\u0259 \u015f\u0259ffaf \u00fcnsiyy\u0259t inam yarad\u0131r.\u201d<\/em><\/p>\n<\/blockquote>\n\n<p>Alexandra izah etdi ki, Lenovo f\u0259al \u015f\u0259kild\u0259 dair\u0259vi yana\u015fmalar inki\u015faf etdirir: \u00f6z qur\u011fular\u0131 daxilind\u0259 cihazlar\u0131 yenil\u0259yir, 80%-d\u0259n a\u015fa\u011f\u0131 tutumlu batareyalar\u0131 d\u0259yi\u015fdirir, qutular\u0131 yenid\u0259n r\u0259ngl\u0259yir, 35-\u0259 q\u0259d\u0259r s\u0131naq ke\u00e7irir v\u0259 avadanl\u0131qlar\u0131 yeni z\u0259man\u0259tl\u0259 m\u00fc\u015ft\u0259riy\u0259 qaytar\u0131r.<\/p>\n\n<p>Bu, istehsal\u00e7\u0131lar\u0131n t\u0259kc\u0259 m\u00fc\u015fahid\u0259\u00e7i deyil, t\u0259krar istifad\u0259 bazar\u0131nda f\u0259al i\u015ftirak\u00e7\u0131ya \u00e7evrilm\u0259sinin bariz n\u00fcmun\u0259sidir.<\/p>\n\n<p>Bir \u00e7ox i\u015ftirak\u00e7\u0131 vur\u011fulad\u0131 ki, \u015firk\u0259tl\u0259r cihaz\u0131 t\u0259hvil verildiyi andan t\u0259krar emala v\u0259 ya t\u0259krar sat\u0131\u015fa q\u0259d\u0259r onun ba\u015f\u0131na n\u0259 g\u0259ldiyini g\u00f6rm\u0259k ist\u0259yirl\u0259r.<\/p>\n\n<p>Natiql\u0259rd\u0259n birinin qeyd etdiyi kimi: <em>\u201c<\/em> <em>ITAD prosesl\u0259ri ad\u0259t\u0259n<\/em> <em>kifay\u0259t q\u0259d\u0259r m\u00fcr\u0259kk\u0259b<\/em> <em>, par\u00e7alanm\u0131\u015f<\/em> <em>v\u0259<\/em> <em>uzun m\u00fcdd\u0259tdir\u2026<\/em> M\u00fc\u015ft\u0259ril\u0259r <em>cihazlar\u0131nda n\u0259 ba\u015f verdiyini bilm\u0259d\u0259n<\/em> <em>h\u0259ft\u0259l\u0259rl\u0259 g\u00f6zl\u0259yirl\u0259r<\/em> <em>.<\/em> \u201d<\/p>\n\n<p>Real vaxt platformalar\u0131n\u0131n meydana \u00e7\u0131xmas\u0131 bu m\u0259s\u0259l\u0259l\u0259ri h\u0259ll edir: \u015firk\u0259t h\u0259r add\u0131m\u0131n v\u0259ziyy\u0259tini, foto \u00e7\u0259kili\u015fini, MDM-nin avtomatik silinm\u0259sini, audit izl\u0259rini v\u0259 uy\u011funluq s\u0259n\u0259dl\u0259rini g\u00f6r\u00fcr.<\/p>\n\n<h2 class=\"wp-block-heading\"><strong>4. <strong>Davaml\u0131l\u0131q art\u0131q \u0259sas s\u00fcr\u00fcc\u00fc deyil<\/strong><\/strong><\/h2>\n\n<p>Ke\u00e7\u0259n il \u0259rzind\u0259 korporativ sektorda ESG motivasiyas\u0131 azal\u0131b, iqtisadi motivasiya is\u0259 \u0259ksin\u0259 art\u0131b. <strong>Breezy \u015firk\u0259tinin ba\u015f direktoru Andrey Kosar<\/strong> dediyi kimi: <em>\u0259vv\u0259lc\u0259 q\u0259na\u0259t, sonra \u0259traf m\u00fchit.<\/em> <\/p>\n\n<blockquote class=\"wp-block-quote is-layout-flow wp-block-quote-is-layout-flow\">\n<p>Bir i\u015ftirak\u00e7\u0131n\u0131n qeyd etdiyi kimi, <em>&#8220;Dayan\u0131ql\u0131l\u0131q art\u0131q prioritet deyil&#8230; Bu g\u00fcn qiym\u0259t v\u0259 keyfiyy\u0259t bir il \u0259vv\u0259l oldu\u011fundan daha \u00e7ox \u00f6n\u0259m da\u015f\u0131y\u0131r.&#8221;<\/em><\/p>\n<\/blockquote>\n\n<p>Eyni zamanda, ham\u0131 raz\u0131la\u015f\u0131r: ESG g\u00fcnd\u0259liyi h\u00f6kum\u0259tin t\u0259nziml\u0259nm\u0259si v\u0259 investorlar\u0131n t\u0259zyiqi il\u0259 geri qay\u0131dacaq.<\/p>\n\n<h2 class=\"wp-block-heading\"><strong>5. Be\u015f <strong>milyard arzuolunmaz qur\u011fu s\u0259naye \u00fc\u00e7\u00fcn b\u00f6y\u00fck resursdur<\/strong><\/strong><\/h2>\n\n<div class=\"wp-block-media-text is-stacked-on-mobile\"><figure class=\"wp-block-media-text__media\"><img loading=\"lazy\" decoding=\"async\" width=\"819\" height=\"1024\" src=\"https:\/\/breezy.band\/wp-content\/uploads\/2025\/12\/retech-breezy-dormant-phones-1-819x1024.jpg\" alt=\"\" class=\"wp-image-27985 size-full\" srcset=\"https:\/\/breezy.band\/wp-content\/uploads\/2025\/12\/retech-breezy-dormant-phones-1-819x1024.jpg 819w, https:\/\/breezy.band\/wp-content\/uploads\/2025\/12\/retech-breezy-dormant-phones-1-240x300.jpg 240w, https:\/\/breezy.band\/wp-content\/uploads\/2025\/12\/retech-breezy-dormant-phones-1-768x960.jpg 768w, https:\/\/breezy.band\/wp-content\/uploads\/2025\/12\/retech-breezy-dormant-phones-1.jpg 1200w\" sizes=\"auto, (max-width: 819px) 100vw, 819px\" \/><\/figure><div class=\"wp-block-media-text__content\">\n<p><strong>GSMA Services &amp; GSMA Intelligence-in ba\u015f direktoru Konor Dempsinin<\/strong> s\u00f6zl\u0259rin\u0259 g\u00f6r\u0259, \u00e7ekmecel\u0259rd\u0259 y\u0131\u011f\u0131lan 5 milyard smartfon var.<\/p>\n\n\n\n<p>Onlar\u0131n t\u0259rkibind\u0259:<\/p>\n\n\n\n<p><strong>100<\/strong> <strong>ton q\u0131z\u0131l<\/strong><\/p>\n\n\n\n<p><strong>50.000<\/strong> <strong>t<\/strong><strong> <\/strong><strong>mis,<\/strong> <\/p>\n\n\n\n<p><strong>500<\/strong> <strong>t<\/strong><strong> <\/strong><strong>g\u00fcm\u00fc\u015f<\/strong><\/p>\n\n\n\n<p>Bu istifad\u0259 olunmam\u0131\u015f qiym\u0259tli m\u0259nb\u0259dir.<\/p>\n<\/div><\/div>\n\n<p><\/p>\n\n<p><em>&#8220;\u018fg\u0259r bu cihazlar\u0131n 1%-ni bel\u0259 b\u0259rpa ed\u0259 bils\u0259k, bu, 50 milyon telefon dem\u0259kdir&#8221;<\/em> dedi <strong>Conor<\/strong> .<\/p>\n\n<p>Hal-haz\u0131rda d\u00f6vriyy\u0259d\u0259 olan smartfonlar\u0131n istifad\u0259 m\u00fcdd\u0259tini uzatmaq CO2 emissiyalar\u0131n\u0131 <strong>ild\u0259 21,4 milyon ton<\/strong> azaltma\u011fa k\u00f6m\u0259k ed\u0259rdi. Bu \u0259traf m\u00fchit\u0259 t\u0259sir <strong>4,2 milyon avtomobilin<\/strong> yoldan \u00e7\u0131xar\u0131lmas\u0131na b\u0259rab\u0259rdir. <\/p>\n\n<figure class=\"wp-block-image size-large\"><img loading=\"lazy\" decoding=\"async\" width=\"1024\" height=\"576\" src=\"https:\/\/breezy.band\/wp-content\/uploads\/2025\/12\/retech-breezy-infographic-1-1024x576.jpg\" alt=\"\" class=\"wp-image-28003\" srcset=\"https:\/\/breezy.band\/wp-content\/uploads\/2025\/12\/retech-breezy-infographic-1-1024x576.jpg 1024w, https:\/\/breezy.band\/wp-content\/uploads\/2025\/12\/retech-breezy-infographic-1-300x169.jpg 300w, https:\/\/breezy.band\/wp-content\/uploads\/2025\/12\/retech-breezy-infographic-1-768x432.jpg 768w, https:\/\/breezy.band\/wp-content\/uploads\/2025\/12\/retech-breezy-infographic-1-1536x864.jpg 1536w, https:\/\/breezy.band\/wp-content\/uploads\/2025\/12\/retech-breezy-infographic-1-426x240.jpg 426w, https:\/\/breezy.band\/wp-content\/uploads\/2025\/12\/retech-breezy-infographic-1.jpg 1920w\" sizes=\"auto, (max-width: 1024px) 100vw, 1024px\" \/><\/figure>\n\n<p>Bir mobil telefonun t\u0259krar emal edilm\u0259si noutbuku <strong>40 saat doldurmaq \u00fc\u00e7\u00fcn kifay\u0259t q\u0259d\u0259r enerjiy\u0259 q\u0259na\u0259t edir.<\/strong><\/p>\n\n<p>Bu, bu g\u00fcn istifad\u0259 olunmam\u0131\u015f materiallar\u0131n, karbon potensial\u0131n\u0131n v\u0259 iqtisadi d\u0259y\u0259rinin n\u0259h\u0259ng h\u0259cmidir.<\/p>\n\n<figure class=\"wp-block-image size-large\"><img loading=\"lazy\" decoding=\"async\" width=\"1024\" height=\"576\" src=\"https:\/\/breezy.band\/wp-content\/uploads\/2025\/12\/retech-breezy-recycling-1-1-1024x576.jpg\" alt=\"\" class=\"wp-image-28075\" srcset=\"https:\/\/breezy.band\/wp-content\/uploads\/2025\/12\/retech-breezy-recycling-1-1-1024x576.jpg 1024w, https:\/\/breezy.band\/wp-content\/uploads\/2025\/12\/retech-breezy-recycling-1-1-300x169.jpg 300w, https:\/\/breezy.band\/wp-content\/uploads\/2025\/12\/retech-breezy-recycling-1-1-768x432.jpg 768w, https:\/\/breezy.band\/wp-content\/uploads\/2025\/12\/retech-breezy-recycling-1-1-1536x864.jpg 1536w, https:\/\/breezy.band\/wp-content\/uploads\/2025\/12\/retech-breezy-recycling-1-1-426x240.jpg 426w, https:\/\/breezy.band\/wp-content\/uploads\/2025\/12\/retech-breezy-recycling-1-1.jpg 1920w\" sizes=\"auto, (max-width: 1024px) 100vw, 1024px\" \/><\/figure>\n\n<h2 class=\"wp-block-heading\"><strong>6. <strong>M\u0259lumatlar\u0131n t\u0259hl\u00fck\u0259sizliyi korporativ m\u00fc\u015ft\u0259ril\u0259rin \u0259sas qay\u011f\u0131s\u0131d\u0131r<\/strong><\/strong><\/h2>\n\n<p>Bir \u00e7ox natiql\u0259r qeyd etdil\u0259r ki, \u015firk\u0259tl\u0259r h\u0259l\u0259 d\u0259 avadanl\u0131qlar\u0131n t\u0259hl\u00fck\u0259siz utilizasiyas\u0131 il\u0259 ba\u011fl\u0131 riskl\u0259ri laz\u0131mi s\u0259viyy\u0259d\u0259 qiym\u0259tl\u0259ndirmirl\u0259r.<\/p>\n\n<p>M\u0259s\u0259l\u0259n, par\u00e7alama h\u0259mi\u015f\u0259 t\u0259hl\u00fck\u0259sizliyi t\u0259min etmir: bir \u00e7ox mikro\u00e7ipl\u0259r standart fraqment \u00f6l\u00e7\u00fcs\u00fcnd\u0259n ki\u00e7ikdir v\u0259 m\u0259lumatlar\u0131 daha b\u00f6y\u00fck fraqmentl\u0259rd\u0259n b\u0259rpa etm\u0259k olar.<\/p>\n\n<p>Buna g\u00f6r\u0259 d\u0259, bazar sertifikatla\u015fd\u0131r\u0131lm\u0131\u015f m\u0259lumatlar\u0131n silinm\u0259sin\u0259, t\u0259f\u0259rr\u00fcatl\u0131 audit yollar\u0131na v\u0259 cihaz t\u0259dar\u00fck z\u0259ncirl\u0259rin\u0259 ciddi n\u0259zar\u0259t\u0259 do\u011fru d\u0259yi\u015fir.<\/p>\n\n<p>Bununla bel\u0259, b\u00fct\u00fcn \u015firk\u0259tl\u0259r m\u0259lumatlar\u0131n silinm\u0259sinin vacibliyin\u0259 eyni \u015f\u0259kild\u0259 baxm\u0131r. <strong>B2B Trade-in-in r\u0259hb\u0259ri Mariya Yan\u00e7enkonun<\/strong> d\u00fczg\u00fcn qeyd etdiyi kimi: <\/p>\n\n<div class=\"wp-block-media-text is-stacked-on-mobile\"><figure class=\"wp-block-media-text__media\"><img loading=\"lazy\" decoding=\"async\" width=\"769\" height=\"1024\" src=\"https:\/\/breezy.band\/wp-content\/uploads\/2025\/12\/retech-maria-yanchenko-1-769x1024.jpeg\" alt=\"\" class=\"wp-image-28093 size-full\" srcset=\"https:\/\/breezy.band\/wp-content\/uploads\/2025\/12\/retech-maria-yanchenko-1-769x1024.jpeg 769w, https:\/\/breezy.band\/wp-content\/uploads\/2025\/12\/retech-maria-yanchenko-1-225x300.jpeg 225w, https:\/\/breezy.band\/wp-content\/uploads\/2025\/12\/retech-maria-yanchenko-1-768x1023.jpeg 768w, https:\/\/breezy.band\/wp-content\/uploads\/2025\/12\/retech-maria-yanchenko-1.jpeg 961w\" sizes=\"auto, (max-width: 769px) 100vw, 769px\" \/><\/figure><div class=\"wp-block-media-text__content\">\n<p><em>\u201c\u018fg\u0259r b\u00fct\u00f6vl\u00fckd\u0259 bazara baxsan\u0131z, o, z\u0259ng \u0259yrisini m\u00fck\u0259mm\u0259l \u015f\u0259kild\u0259 izl\u0259yir.  <\/em><\/p>\n\n\n\n<p><em>Bir t\u0259r\u0259fd\u0259n, m\u0259lumat t\u0259hl\u00fck\u0259sizliyi il\u0259 ba\u011fl\u0131 son d\u0259r\u0259c\u0259 laqeyd olan bir ne\u00e7\u0259 \u015firk\u0259t var. B\u0259z\u0259n biz h\u0259tta korporativ e-po\u00e7t p\u0259nc\u0259r\u0259sinin ba\u011flanmad\u0131\u011f\u0131 cihazlar al\u0131r\u0131q. <br\/><\/em><\/p>\n\n\n\n<p><em>Dig\u0259r t\u0259r\u0259fd\u0259n, ciddi \u015f\u0259kild\u0259 t\u0259nziml\u0259n\u0259n siyas\u0259tl\u0259ri v\u0259 ciddi uy\u011funluq t\u0259l\u0259bl\u0259ri olan \u015firk\u0259tl\u0259r var ki, burada m\u0259lumatlar\u0131n silinm\u0259sinin h\u0259r add\u0131m\u0131 ayd\u0131n \u015f\u0259kild\u0259 s\u0259n\u0259dl\u0259\u015fdirilir<\/em> .<\/p>\n\n\n\n<p><em><br\/><\/em><\/p>\n<\/div><\/div>\n\n<p><em><em>Lakin \u0259ks\u0259riyy\u0259ti ortada bir yer\u0259 d\u00fc\u015f\u00fcr: bu \u015firk\u0259tl\u0259r sad\u0259c\u0259 olaraq \u0259min olmaq ist\u0259yirl\u0259r ki, onlar\u0131n m\u0259lumat\u0131 yanl\u0131\u015f \u0259ll\u0259r\u0259 ke\u00e7mir v\u0259 onlar\u0131 prosesin texniki detallar\u0131 x\u00fcsusil\u0259 maraqland\u0131rm\u0131r\u201d.<\/em><\/em><\/p>\n\n<h2 class=\"wp-block-heading\"><strong>7. <strong>\u00d6mr\u00fcn\u00fcn sonu texnologiyas\u0131na korporativ yana\u015fmalar\u0131n t\u0259kam\u00fcl\u00fc<\/strong><\/strong><\/h2>\n\n<p>Son ill\u0259rd\u0259 \u015firk\u0259tl\u0259rin istismar m\u00fcdd\u0259tini ba\u015fa vurmu\u015f avadanl\u0131qlar\u0131n idar\u0259 edilm\u0259sin\u0259 yana\u015fmas\u0131 \u0259h\u0259miyy\u0259tli d\u0259r\u0259c\u0259d\u0259 d\u0259yi\u015fdi.<\/p>\n\n<p><strong>Mariya Yan\u00e7enkonun<\/strong> dediyi kimi, \u201c <em>i\u00e7ind\u0259<\/em><em>Getdikc\u0259 daha \u00e7ox t\u0259\u015fkilat strukturla\u015fd\u0131r\u0131lm\u0131\u015f ITAD prosesl\u0259ri qurma\u011fa ba\u015flay\u0131r &#8211; m\u0259sul komandalar\u0131n t\u0259yin edilm\u0259sind\u0259n tutmu\u015f daxili prosedurlar\u0131n yarad\u0131lmas\u0131na v\u0259 f\u0259aliyy\u0259tin qiym\u0259tl\u0259ndirilm\u0259sin\u0259 q\u0259d\u0259r. Bir \u00e7ox \u015firk\u0259tl\u0259r istifad\u0259 olunmam\u0131\u015f cihazlar\u0131 saxlamaqdan uzaqla\u015f\u0131r v\u0259 ticar\u0259t v\u0259 ya ekoloji c\u0259h\u0259td\u0259n t\u0259miz t\u0259krar emal proqramlar\u0131na do\u011fru gedir. Biz h\u0259m\u00e7inin \u0130T departamentl\u0259ri v\u0259 davaml\u0131l\u0131q \u00fczr\u0259 komandalar aras\u0131nda artan \u0259m\u0259kda\u015fl\u0131\u011f\u0131n \u015fahidi oluruq: avadanl\u0131qlar\u0131n t\u0259kmill\u0259\u015fdirilm\u0259si t\u0259kc\u0259 texniki z\u0259rur\u0259t\u0259 deyil, h\u0259m d\u0259 biznes f\u0259aliyy\u0259tinin strateji elementin\u0259 \u00e7evrilir.  <\/em>\u00bb<\/p>\n\n<figure class=\"wp-block-image size-large\"><img loading=\"lazy\" decoding=\"async\" width=\"1024\" height=\"576\" src=\"https:\/\/breezy.band\/wp-content\/uploads\/2025\/12\/retech-business-breezy-1-1-1024x576.jpeg\" alt=\"\" class=\"wp-image-28039\" srcset=\"https:\/\/breezy.band\/wp-content\/uploads\/2025\/12\/retech-business-breezy-1-1-1024x576.jpeg 1024w, https:\/\/breezy.band\/wp-content\/uploads\/2025\/12\/retech-business-breezy-1-1-300x169.jpeg 300w, https:\/\/breezy.band\/wp-content\/uploads\/2025\/12\/retech-business-breezy-1-1-768x432.jpeg 768w, https:\/\/breezy.band\/wp-content\/uploads\/2025\/12\/retech-business-breezy-1-1-1536x864.jpeg 1536w, https:\/\/breezy.band\/wp-content\/uploads\/2025\/12\/retech-business-breezy-1-1-2048x1152.jpeg 2048w, https:\/\/breezy.band\/wp-content\/uploads\/2025\/12\/retech-business-breezy-1-1-426x240.jpeg 426w\" sizes=\"auto, (max-width: 1024px) 100vw, 1024px\" \/><\/figure>\n\n<p>Maria h\u0259m\u00e7inin \u015firk\u0259tl\u0259rin yetkin prosesl\u0259r\u0259 ged\u0259n yolda \u00fczl\u0259\u015fdiyi \u0259sas probleml\u0259ri qeyd etdi:<\/p>\n\n<p>&#8220;<em>Yeni ba\u015flayanlar \u00fc\u00e7\u00fcn \u0259sas probleml\u0259r\u0259 siyas\u0259tl\u0259rin olmamas\u0131, t\u0259cr\u00fcb\u0259nin olmamas\u0131, cihazlar\u0131n qeyri-\u015f\u0259ffafl\u0131\u011f\u0131 v\u0259 avadanl\u0131\u011f\u0131n n\u0259 vaxt d\u0259yi\u015fdirilm\u0259si laz\u0131m oldu\u011funa dair qeyri-m\u00fc\u0259yy\u0259nlik daxildir. Bir \u00e7ox \u015firk\u0259tl\u0259r h\u0259l\u0259 d\u0259 seriya n\u00f6mr\u0259l\u0259rini qeyd etmirl\u0259r, bu da avadanl\u0131\u011f\u0131n istismardan \u00e7\u0131xar\u0131lmas\u0131n\u0131 \u00e7\u0259tinl\u0259\u015fdirir v\u0259 \u0259lav\u0259 x\u0259rcl\u0259r\u0259 g\u0259tirib \u00e7\u0131xar\u0131r. <\/em>.\u201d<\/p>\n\n<p>V\u0259 o, xarici t\u0259r\u0259fda\u015flar \u00fc\u00e7\u00fcn \u0259sas meyarlar\u0131 qeyd etdi:<\/p>\n\n<p>&#8220;<em>\u018fks\u0259r \u015firk\u0259tl\u0259r yaln\u0131z bir \u015fey ist\u0259yir: m\u0259lumatlar\u0131n\u0131n yanl\u0131\u015f \u0259ll\u0259r\u0259 ke\u00e7m\u0259y\u0259c\u0259yin\u0259 \u0259minlik. H\u0259r k\u0259s texnologiyan\u0131n \u00f6z\u00fcn\u00fcn t\u0259f\u0259rr\u00fcatlar\u0131na \u0259h\u0259miyy\u0259t verm\u0259s\u0259 d\u0259, onlar t\u0259hl\u00fck\u0259sizlik, izl\u0259nilm\u0259 v\u0259 sertifikatla\u015fd\u0131r\u0131lm\u0131\u015f m\u0259lumatlar\u0131n silinm\u0259si z\u0259man\u0259tl\u0259rin\u0259 sahib olmaq ist\u0259yirl\u0259r. <\/em>.\u201d  <\/p>\n\n<p>Buna g\u00f6r\u0259 d\u0259 Breezy-d\u0259 biz <a href=\"https:\/\/breezy.band\/az-az\/buyback-for-business\/\">\u015firk\u0259tl\u0259rd\u0259n avadanl\u0131\u011f\u0131n al\u0131nmas\u0131 \u00fc\u00e7\u00fcn h\u0259rt\u0259r\u0259fli prosesi<\/a> qurma\u011fa \u00e7al\u0131\u015f\u0131r\u0131q ki, bu da daxili prosedurlardan, avadanl\u0131\u011f\u0131n idar\u0259 edilm\u0259si \u00fczr\u0259 m\u00fct\u0259x\u0259ssisl\u0259rin m\u00f6vcudlu\u011fundan v\u0259 ya sertifikatla\u015fd\u0131r\u0131lm\u0131\u015f m\u0259lumatlar\u0131n silinm\u0259si t\u0259l\u0259bl\u0259rind\u0259n as\u0131l\u0131 olmayaraq h\u0259r bir biznesin xidm\u0259td\u0259n istifad\u0259sini asanla\u015fd\u0131r\u0131r.<\/p>\n\n<h2 class=\"wp-block-heading\"><strong>8. <strong>S\u0259nayenin istiqam\u0259ti: xidm\u0259tl\u0259r, standartlar v\u0259 sad\u0259lik<\/strong><\/strong><\/h2>\n\n<p>Konfranslarda natiql\u0259r aras\u0131nda nadir hallarda bir fikir birliyi var idi:<\/p>\n\n<ul class=\"wp-block-list\">\n<li>g\u0259l\u0259c\u0259k xidm\u0259t modell\u0259rin\u0259 aiddir <strong>(DaaS, icar\u0259, abun\u0259)<\/strong><\/li>\n\n\n\n<li>vahid keyfiyy\u0259t terminologiyas\u0131na v\u0259 vahid <strong>qiym\u0259tl\u0259ndirm\u0259<\/strong> <strong>standart\u0131na<\/strong> ehtiyac var<\/li>\n\n\n\n<li>etibar\u0131n a\u00e7ar\u0131 <strong>sad\u0259lik v\u0259 \u015f\u0259ffafl\u0131qd\u0131r<\/strong><\/li>\n\n\n\n<li><strong>B\u00f6y\u00fck p\u0259rak\u0259nd\u0259 sat\u0131c\u0131lar v\u0259 telekommunikasiya operatorlar\u0131<\/strong> bazar\u0131 ir\u0259li aparacaqlar<\/li>\n\n\n\n<li><strong>A\u0130-nin d\u00f6vri iqtisadiyyat t\u0259nziml\u0259nm\u0259si<\/strong> b\u00f6y\u00fcm\u0259 \u00fc\u00e7\u00fcn katalizator olacaq<\/li>\n<\/ul>\n\n<h2 class=\"wp-block-heading\"><strong>Bu bazar \u00fc\u00e7\u00fcn n\u0259 dem\u0259kdir?<\/strong><\/h2>\n\n<ul class=\"wp-block-list\">\n<li>Bazar s\u00fcr\u0259tl\u0259 inki\u015faf edir v\u0259 ekoloji c\u0259h\u0259td\u0259n t\u0259miz v\u0259 iqtisadi modell\u0259r\u0259 do\u011fru ir\u0259lil\u0259yir<\/li>\n\n\n\n<li>\u015e\u0259ffaf prosesl\u0259r, tam izl\u0259nil\u0259 bil\u0259nlik v\u0259 t\u0259hl\u00fck\u0259sizlik z\u0259man\u0259tl\u0259ri vacibdir<\/li>\n\n\n\n<li>cihazlar \u015firk\u0259tl\u0259rin ESG strategiyalar\u0131n\u0131n bir hiss\u0259sin\u0259 \u00e7evrilir<\/li>\n\n\n\n<li>Avadanl\u0131qlar\u0131n \u00f6mr\u00fcn\u00fcn uzad\u0131lmas\u0131na t\u0259l\u0259b artmaqda davam edir<\/li>\n<\/ul>\n\n<p>Breezy \u0130T, maliyy\u0259 v\u0259 davaml\u0131l\u0131\u011f\u0131n k\u0259si\u015fm\u0259sind\u0259dir. Biz \u015firk\u0259tl\u0259r\u0259 texnologiyalar\u0131n\u0131 daha m\u0259suliyy\u0259tli, t\u0259hl\u00fck\u0259siz v\u0259 s\u0259m\u0259r\u0259li \u015f\u0259kild\u0259 idar\u0259 etm\u0259y\u0259 k\u00f6m\u0259k ed\u0259n h\u0259ll\u0259r haz\u0131rlama\u011fa davam edirik. <br\/>V\u0259 Retech G\u00fcnl\u0259rind\u0259 i\u015ftirak bir daha n\u00fcmayi\u015f etdirdi ki, bizim bax\u0131\u015f\u0131m\u0131z s\u0259nayenin g\u0259l\u0259c\u0259yi il\u0259 tamamil\u0259 uy\u011fundur.<\/p>\n\n<p><\/p>\n","protected":false},"excerpt":{"rendered":"<p>Noyabr\u0131n 27-d\u0259 Breezy dair\u0259vi \u0130T v\u0259 davaml\u0131 elektronika s\u0259nayesind\u0259 \u0259sas t\u0259dbirl\u0259rd\u0259n biri olan Retech Days Business 2025-d\u0259 i\u015ftirak etdi. \u018fm\u0259kda\u015f\u0131m\u0131z Mariya Yan\u00e7enko cihazlar\u0131n istifad\u0259 m\u00fcdd\u0259tinin uzad\u0131lmas\u0131, istismar m\u00fcdd\u0259tini ba\u015fa vurmu\u015f avadanl\u0131qlar\u0131n idar\u0259 edilm\u0259si, keyfiyy\u0259tin standartla\u015fd\u0131r\u0131lmas\u0131 v\u0259 t\u0259mir edilmi\u015f cihazlara inam\u0131n yarad\u0131lmas\u0131 il\u0259 ba\u011fl\u0131 panel m\u00fczakir\u0259sind\u0259 i\u015ftirak edib. Biz\u0259 qo\u015fula bilm\u0259y\u0259nl\u0259r \u00fc\u00e7\u00fcn biz Breezy-d\u0259 g\u00f6rd\u00fcy\u00fcm\u00fcz i\u015fl\u0259rl\u0259&#8230;<\/p>\n","protected":false},"author":1,"featured_media":28061,"comment_status":"closed","ping_status":"closed","sticky":false,"template":"","format":"standard","meta":{"inline_featured_image":false,"footnotes":""},"categories":[493],"tags":[622],"country":[738],"class_list":["post-28133","post","type-post","status-publish","format-standard","has-post-thumbnail","hentry","category-mqal","tag-anlayislar","country-all-az-az"],"acf":[],"yoast_head":"<!-- This site is optimized with the Yoast SEO plugin v26.9 - https:\/\/yoast.com\/product\/yoast-seo-wordpress\/ -->\n<title>Dair\u0259vi \u0130T-nin G\u0259l\u0259c\u0259yi: Retech Days Business 2025-d\u0259n \u0259sas m\u0259lumatlar - Breezy Site<\/title>\n<meta name=\"robots\" content=\"index, follow, max-snippet:-1, max-image-preview:large, max-video-preview:-1\" \/>\n<link rel=\"canonical\" href=\"https:\/\/breezy.band\/az-az\/dair%c9%99vi-it-nin-g%c9%99l%c9%99c%c9%99yi-retech-days-business-2025-d%c9%99n-%c9%99sas-m%c9%99lumatlar\/\" \/>\n<meta property=\"og:locale\" content=\"az_AZ\" \/>\n<meta property=\"og:type\" content=\"article\" \/>\n<meta property=\"og:title\" content=\"Dair\u0259vi \u0130T-nin G\u0259l\u0259c\u0259yi: Retech Days Business 2025-d\u0259n \u0259sas m\u0259lumatlar - Breezy Site\" \/>\n<meta property=\"og:description\" content=\"Noyabr\u0131n 27-d\u0259 Breezy dair\u0259vi \u0130T v\u0259 davaml\u0131 elektronika s\u0259nayesind\u0259 \u0259sas t\u0259dbirl\u0259rd\u0259n biri olan Retech Days Business 2025-d\u0259 i\u015ftirak etdi. \u018fm\u0259kda\u015f\u0131m\u0131z Mariya Yan\u00e7enko cihazlar\u0131n istifad\u0259 m\u00fcdd\u0259tinin uzad\u0131lmas\u0131, istismar m\u00fcdd\u0259tini ba\u015fa vurmu\u015f avadanl\u0131qlar\u0131n idar\u0259 edilm\u0259si, keyfiyy\u0259tin standartla\u015fd\u0131r\u0131lmas\u0131 v\u0259 t\u0259mir edilmi\u015f cihazlara inam\u0131n yarad\u0131lmas\u0131 il\u0259 ba\u011fl\u0131 panel m\u00fczakir\u0259sind\u0259 i\u015ftirak edib. Biz\u0259 qo\u015fula bilm\u0259y\u0259nl\u0259r \u00fc\u00e7\u00fcn biz Breezy-d\u0259 g\u00f6rd\u00fcy\u00fcm\u00fcz i\u015fl\u0259rl\u0259...\" \/>\n<meta property=\"og:url\" content=\"https:\/\/breezy.band\/az-az\/dair%c9%99vi-it-nin-g%c9%99l%c9%99c%c9%99yi-retech-days-business-2025-d%c9%99n-%c9%99sas-m%c9%99lumatlar\/\" \/>\n<meta property=\"og:site_name\" content=\"Breezy Site\" \/>\n<meta property=\"article:published_time\" content=\"2025-12-11T16:21:39+00:00\" \/>\n<meta property=\"article:modified_time\" content=\"2025-12-11T16:50:25+00:00\" \/>\n<meta property=\"og:image\" content=\"https:\/\/breezy.band\/wp-content\/uploads\/2025\/12\/retech-business-insights-breezy-1-scaled.jpg\" \/>\n\t<meta property=\"og:image:width\" content=\"2560\" \/>\n\t<meta property=\"og:image:height\" content=\"1435\" \/>\n\t<meta property=\"og:image:type\" content=\"image\/jpeg\" \/>\n<meta name=\"author\" content=\"admin\" \/>\n<meta name=\"twitter:card\" content=\"summary_large_image\" \/>\n<meta name=\"twitter:label1\" content=\"Written by\" \/>\n\t<meta name=\"twitter:data1\" content=\"admin\" \/>\n\t<meta name=\"twitter:label2\" content=\"Est. reading time\" \/>\n\t<meta name=\"twitter:data2\" content=\"10 minutes\" \/>\n<script type=\"application\/ld+json\" class=\"yoast-schema-graph\">{\"@context\":\"https:\/\/schema.org\",\"@graph\":[{\"@type\":\"Article\",\"@id\":\"https:\/\/breezy.band\/az-az\/dair%c9%99vi-it-nin-g%c9%99l%c9%99c%c9%99yi-retech-days-business-2025-d%c9%99n-%c9%99sas-m%c9%99lumatlar\/#article\",\"isPartOf\":{\"@id\":\"https:\/\/breezy.band\/az-az\/dair%c9%99vi-it-nin-g%c9%99l%c9%99c%c9%99yi-retech-days-business-2025-d%c9%99n-%c9%99sas-m%c9%99lumatlar\/\"},\"author\":{\"name\":\"admin\",\"@id\":\"https:\/\/breezy.band\/az-az\/#\/schema\/person\/dd22f7463383d2f37aa235261e187a3e\"},\"headline\":\"Dair\u0259vi \u0130T-nin G\u0259l\u0259c\u0259yi: Retech Days Business 2025-d\u0259n \u0259sas m\u0259lumatlar\",\"datePublished\":\"2025-12-11T16:21:39+00:00\",\"dateModified\":\"2025-12-11T16:50:25+00:00\",\"mainEntityOfPage\":{\"@id\":\"https:\/\/breezy.band\/az-az\/dair%c9%99vi-it-nin-g%c9%99l%c9%99c%c9%99yi-retech-days-business-2025-d%c9%99n-%c9%99sas-m%c9%99lumatlar\/\"},\"wordCount\":1945,\"image\":{\"@id\":\"https:\/\/breezy.band\/az-az\/dair%c9%99vi-it-nin-g%c9%99l%c9%99c%c9%99yi-retech-days-business-2025-d%c9%99n-%c9%99sas-m%c9%99lumatlar\/#primaryimage\"},\"thumbnailUrl\":\"https:\/\/breezy.band\/wp-content\/uploads\/2025\/12\/retech-business-insights-breezy-1-scaled.jpg\",\"keywords\":[\"Anlay\u0131\u015flar\"],\"articleSection\":[\"M\u0259qal\u0259\"],\"inLanguage\":\"az-az\"},{\"@type\":\"WebPage\",\"@id\":\"https:\/\/breezy.band\/az-az\/dair%c9%99vi-it-nin-g%c9%99l%c9%99c%c9%99yi-retech-days-business-2025-d%c9%99n-%c9%99sas-m%c9%99lumatlar\/\",\"url\":\"https:\/\/breezy.band\/az-az\/dair%c9%99vi-it-nin-g%c9%99l%c9%99c%c9%99yi-retech-days-business-2025-d%c9%99n-%c9%99sas-m%c9%99lumatlar\/\",\"name\":\"Dair\u0259vi \u0130T-nin G\u0259l\u0259c\u0259yi: Retech Days Business 2025-d\u0259n \u0259sas m\u0259lumatlar - Breezy Site\",\"isPartOf\":{\"@id\":\"https:\/\/breezy.band\/az-az\/#website\"},\"primaryImageOfPage\":{\"@id\":\"https:\/\/breezy.band\/az-az\/dair%c9%99vi-it-nin-g%c9%99l%c9%99c%c9%99yi-retech-days-business-2025-d%c9%99n-%c9%99sas-m%c9%99lumatlar\/#primaryimage\"},\"image\":{\"@id\":\"https:\/\/breezy.band\/az-az\/dair%c9%99vi-it-nin-g%c9%99l%c9%99c%c9%99yi-retech-days-business-2025-d%c9%99n-%c9%99sas-m%c9%99lumatlar\/#primaryimage\"},\"thumbnailUrl\":\"https:\/\/breezy.band\/wp-content\/uploads\/2025\/12\/retech-business-insights-breezy-1-scaled.jpg\",\"datePublished\":\"2025-12-11T16:21:39+00:00\",\"dateModified\":\"2025-12-11T16:50:25+00:00\",\"author\":{\"@id\":\"https:\/\/breezy.band\/az-az\/#\/schema\/person\/dd22f7463383d2f37aa235261e187a3e\"},\"breadcrumb\":{\"@id\":\"https:\/\/breezy.band\/az-az\/dair%c9%99vi-it-nin-g%c9%99l%c9%99c%c9%99yi-retech-days-business-2025-d%c9%99n-%c9%99sas-m%c9%99lumatlar\/#breadcrumb\"},\"inLanguage\":\"az-az\",\"potentialAction\":[{\"@type\":\"ReadAction\",\"target\":[\"https:\/\/breezy.band\/az-az\/dair%c9%99vi-it-nin-g%c9%99l%c9%99c%c9%99yi-retech-days-business-2025-d%c9%99n-%c9%99sas-m%c9%99lumatlar\/\"]}]},{\"@type\":\"ImageObject\",\"inLanguage\":\"az-az\",\"@id\":\"https:\/\/breezy.band\/az-az\/dair%c9%99vi-it-nin-g%c9%99l%c9%99c%c9%99yi-retech-days-business-2025-d%c9%99n-%c9%99sas-m%c9%99lumatlar\/#primaryimage\",\"url\":\"https:\/\/breezy.band\/wp-content\/uploads\/2025\/12\/retech-business-insights-breezy-1-scaled.jpg\",\"contentUrl\":\"https:\/\/breezy.band\/wp-content\/uploads\/2025\/12\/retech-business-insights-breezy-1-scaled.jpg\",\"width\":2560,\"height\":1435},{\"@type\":\"BreadcrumbList\",\"@id\":\"https:\/\/breezy.band\/az-az\/dair%c9%99vi-it-nin-g%c9%99l%c9%99c%c9%99yi-retech-days-business-2025-d%c9%99n-%c9%99sas-m%c9%99lumatlar\/#breadcrumb\",\"itemListElement\":[{\"@type\":\"ListItem\",\"position\":1,\"name\":\"Home\",\"item\":\"https:\/\/breezy.band\/az-az\/\"},{\"@type\":\"ListItem\",\"position\":2,\"name\":\"Dair\u0259vi \u0130T-nin G\u0259l\u0259c\u0259yi: Retech Days Business 2025-d\u0259n \u0259sas m\u0259lumatlar\"}]},{\"@type\":\"WebSite\",\"@id\":\"https:\/\/breezy.band\/az-az\/#website\",\"url\":\"https:\/\/breezy.band\/az-az\/\",\"name\":\"Breezy\",\"description\":\"Breezy\",\"potentialAction\":[{\"@type\":\"SearchAction\",\"target\":{\"@type\":\"EntryPoint\",\"urlTemplate\":\"https:\/\/breezy.band\/az-az\/?s={search_term_string}\"},\"query-input\":{\"@type\":\"PropertyValueSpecification\",\"valueRequired\":true,\"valueName\":\"search_term_string\"}}],\"inLanguage\":\"az-az\"},{\"@type\":\"Person\",\"@id\":\"https:\/\/breezy.band\/az-az\/#\/schema\/person\/dd22f7463383d2f37aa235261e187a3e\",\"name\":\"admin\",\"image\":{\"@type\":\"ImageObject\",\"inLanguage\":\"az-az\",\"@id\":\"https:\/\/breezy.band\/az-az\/#\/schema\/person\/image\/\",\"url\":\"https:\/\/secure.gravatar.com\/avatar\/56cbfe3aded7b023ab3f0eea30c43566839d74dde145e813f73c6fad05d2dee0?s=96&d=mm&r=g\",\"contentUrl\":\"https:\/\/secure.gravatar.com\/avatar\/56cbfe3aded7b023ab3f0eea30c43566839d74dde145e813f73c6fad05d2dee0?s=96&d=mm&r=g\",\"caption\":\"admin\"},\"url\":\"https:\/\/breezy.band\/az-az\/author\/admin\/\"}]}<\/script>\n<!-- \/ Yoast SEO plugin. -->","yoast_head_json":{"title":"Dair\u0259vi \u0130T-nin G\u0259l\u0259c\u0259yi: Retech Days Business 2025-d\u0259n \u0259sas m\u0259lumatlar - Breezy Site","robots":{"index":"index","follow":"follow","max-snippet":"max-snippet:-1","max-image-preview":"max-image-preview:large","max-video-preview":"max-video-preview:-1"},"canonical":"https:\/\/breezy.band\/az-az\/dair%c9%99vi-it-nin-g%c9%99l%c9%99c%c9%99yi-retech-days-business-2025-d%c9%99n-%c9%99sas-m%c9%99lumatlar\/","og_locale":"az_AZ","og_type":"article","og_title":"Dair\u0259vi \u0130T-nin G\u0259l\u0259c\u0259yi: Retech Days Business 2025-d\u0259n \u0259sas m\u0259lumatlar - Breezy Site","og_description":"Noyabr\u0131n 27-d\u0259 Breezy dair\u0259vi \u0130T v\u0259 davaml\u0131 elektronika s\u0259nayesind\u0259 \u0259sas t\u0259dbirl\u0259rd\u0259n biri olan Retech Days Business 2025-d\u0259 i\u015ftirak etdi. \u018fm\u0259kda\u015f\u0131m\u0131z Mariya Yan\u00e7enko cihazlar\u0131n istifad\u0259 m\u00fcdd\u0259tinin uzad\u0131lmas\u0131, istismar m\u00fcdd\u0259tini ba\u015fa vurmu\u015f avadanl\u0131qlar\u0131n idar\u0259 edilm\u0259si, keyfiyy\u0259tin standartla\u015fd\u0131r\u0131lmas\u0131 v\u0259 t\u0259mir edilmi\u015f cihazlara inam\u0131n yarad\u0131lmas\u0131 il\u0259 ba\u011fl\u0131 panel m\u00fczakir\u0259sind\u0259 i\u015ftirak edib. Biz\u0259 qo\u015fula bilm\u0259y\u0259nl\u0259r \u00fc\u00e7\u00fcn biz Breezy-d\u0259 g\u00f6rd\u00fcy\u00fcm\u00fcz i\u015fl\u0259rl\u0259...","og_url":"https:\/\/breezy.band\/az-az\/dair%c9%99vi-it-nin-g%c9%99l%c9%99c%c9%99yi-retech-days-business-2025-d%c9%99n-%c9%99sas-m%c9%99lumatlar\/","og_site_name":"Breezy Site","article_published_time":"2025-12-11T16:21:39+00:00","article_modified_time":"2025-12-11T16:50:25+00:00","og_image":[{"width":2560,"height":1435,"url":"https:\/\/breezy.band\/wp-content\/uploads\/2025\/12\/retech-business-insights-breezy-1-scaled.jpg","type":"image\/jpeg"}],"author":"admin","twitter_card":"summary_large_image","twitter_misc":{"Written by":"admin","Est. reading time":"10 minutes"},"schema":{"@context":"https:\/\/schema.org","@graph":[{"@type":"Article","@id":"https:\/\/breezy.band\/az-az\/dair%c9%99vi-it-nin-g%c9%99l%c9%99c%c9%99yi-retech-days-business-2025-d%c9%99n-%c9%99sas-m%c9%99lumatlar\/#article","isPartOf":{"@id":"https:\/\/breezy.band\/az-az\/dair%c9%99vi-it-nin-g%c9%99l%c9%99c%c9%99yi-retech-days-business-2025-d%c9%99n-%c9%99sas-m%c9%99lumatlar\/"},"author":{"name":"admin","@id":"https:\/\/breezy.band\/az-az\/#\/schema\/person\/dd22f7463383d2f37aa235261e187a3e"},"headline":"Dair\u0259vi \u0130T-nin G\u0259l\u0259c\u0259yi: Retech Days Business 2025-d\u0259n \u0259sas m\u0259lumatlar","datePublished":"2025-12-11T16:21:39+00:00","dateModified":"2025-12-11T16:50:25+00:00","mainEntityOfPage":{"@id":"https:\/\/breezy.band\/az-az\/dair%c9%99vi-it-nin-g%c9%99l%c9%99c%c9%99yi-retech-days-business-2025-d%c9%99n-%c9%99sas-m%c9%99lumatlar\/"},"wordCount":1945,"image":{"@id":"https:\/\/breezy.band\/az-az\/dair%c9%99vi-it-nin-g%c9%99l%c9%99c%c9%99yi-retech-days-business-2025-d%c9%99n-%c9%99sas-m%c9%99lumatlar\/#primaryimage"},"thumbnailUrl":"https:\/\/breezy.band\/wp-content\/uploads\/2025\/12\/retech-business-insights-breezy-1-scaled.jpg","keywords":["Anlay\u0131\u015flar"],"articleSection":["M\u0259qal\u0259"],"inLanguage":"az-az"},{"@type":"WebPage","@id":"https:\/\/breezy.band\/az-az\/dair%c9%99vi-it-nin-g%c9%99l%c9%99c%c9%99yi-retech-days-business-2025-d%c9%99n-%c9%99sas-m%c9%99lumatlar\/","url":"https:\/\/breezy.band\/az-az\/dair%c9%99vi-it-nin-g%c9%99l%c9%99c%c9%99yi-retech-days-business-2025-d%c9%99n-%c9%99sas-m%c9%99lumatlar\/","name":"Dair\u0259vi \u0130T-nin G\u0259l\u0259c\u0259yi: Retech Days Business 2025-d\u0259n \u0259sas m\u0259lumatlar - Breezy Site","isPartOf":{"@id":"https:\/\/breezy.band\/az-az\/#website"},"primaryImageOfPage":{"@id":"https:\/\/breezy.band\/az-az\/dair%c9%99vi-it-nin-g%c9%99l%c9%99c%c9%99yi-retech-days-business-2025-d%c9%99n-%c9%99sas-m%c9%99lumatlar\/#primaryimage"},"image":{"@id":"https:\/\/breezy.band\/az-az\/dair%c9%99vi-it-nin-g%c9%99l%c9%99c%c9%99yi-retech-days-business-2025-d%c9%99n-%c9%99sas-m%c9%99lumatlar\/#primaryimage"},"thumbnailUrl":"https:\/\/breezy.band\/wp-content\/uploads\/2025\/12\/retech-business-insights-breezy-1-scaled.jpg","datePublished":"2025-12-11T16:21:39+00:00","dateModified":"2025-12-11T16:50:25+00:00","author":{"@id":"https:\/\/breezy.band\/az-az\/#\/schema\/person\/dd22f7463383d2f37aa235261e187a3e"},"breadcrumb":{"@id":"https:\/\/breezy.band\/az-az\/dair%c9%99vi-it-nin-g%c9%99l%c9%99c%c9%99yi-retech-days-business-2025-d%c9%99n-%c9%99sas-m%c9%99lumatlar\/#breadcrumb"},"inLanguage":"az-az","potentialAction":[{"@type":"ReadAction","target":["https:\/\/breezy.band\/az-az\/dair%c9%99vi-it-nin-g%c9%99l%c9%99c%c9%99yi-retech-days-business-2025-d%c9%99n-%c9%99sas-m%c9%99lumatlar\/"]}]},{"@type":"ImageObject","inLanguage":"az-az","@id":"https:\/\/breezy.band\/az-az\/dair%c9%99vi-it-nin-g%c9%99l%c9%99c%c9%99yi-retech-days-business-2025-d%c9%99n-%c9%99sas-m%c9%99lumatlar\/#primaryimage","url":"https:\/\/breezy.band\/wp-content\/uploads\/2025\/12\/retech-business-insights-breezy-1-scaled.jpg","contentUrl":"https:\/\/breezy.band\/wp-content\/uploads\/2025\/12\/retech-business-insights-breezy-1-scaled.jpg","width":2560,"height":1435},{"@type":"BreadcrumbList","@id":"https:\/\/breezy.band\/az-az\/dair%c9%99vi-it-nin-g%c9%99l%c9%99c%c9%99yi-retech-days-business-2025-d%c9%99n-%c9%99sas-m%c9%99lumatlar\/#breadcrumb","itemListElement":[{"@type":"ListItem","position":1,"name":"Home","item":"https:\/\/breezy.band\/az-az\/"},{"@type":"ListItem","position":2,"name":"Dair\u0259vi \u0130T-nin G\u0259l\u0259c\u0259yi: Retech Days Business 2025-d\u0259n \u0259sas m\u0259lumatlar"}]},{"@type":"WebSite","@id":"https:\/\/breezy.band\/az-az\/#website","url":"https:\/\/breezy.band\/az-az\/","name":"Breezy","description":"Breezy","potentialAction":[{"@type":"SearchAction","target":{"@type":"EntryPoint","urlTemplate":"https:\/\/breezy.band\/az-az\/?s={search_term_string}"},"query-input":{"@type":"PropertyValueSpecification","valueRequired":true,"valueName":"search_term_string"}}],"inLanguage":"az-az"},{"@type":"Person","@id":"https:\/\/breezy.band\/az-az\/#\/schema\/person\/dd22f7463383d2f37aa235261e187a3e","name":"admin","image":{"@type":"ImageObject","inLanguage":"az-az","@id":"https:\/\/breezy.band\/az-az\/#\/schema\/person\/image\/","url":"https:\/\/secure.gravatar.com\/avatar\/56cbfe3aded7b023ab3f0eea30c43566839d74dde145e813f73c6fad05d2dee0?s=96&d=mm&r=g","contentUrl":"https:\/\/secure.gravatar.com\/avatar\/56cbfe3aded7b023ab3f0eea30c43566839d74dde145e813f73c6fad05d2dee0?s=96&d=mm&r=g","caption":"admin"},"url":"https:\/\/breezy.band\/az-az\/author\/admin\/"}]}},"_links":{"self":[{"href":"https:\/\/breezy.band\/az-az\/wp-json\/wp\/v2\/posts\/28133","targetHints":{"allow":["GET"]}}],"collection":[{"href":"https:\/\/breezy.band\/az-az\/wp-json\/wp\/v2\/posts"}],"about":[{"href":"https:\/\/breezy.band\/az-az\/wp-json\/wp\/v2\/types\/post"}],"author":[{"embeddable":true,"href":"https:\/\/breezy.band\/az-az\/wp-json\/wp\/v2\/users\/1"}],"replies":[{"embeddable":true,"href":"https:\/\/breezy.band\/az-az\/wp-json\/wp\/v2\/comments?post=28133"}],"version-history":[{"count":1,"href":"https:\/\/breezy.band\/az-az\/wp-json\/wp\/v2\/posts\/28133\/revisions"}],"predecessor-version":[{"id":28134,"href":"https:\/\/breezy.band\/az-az\/wp-json\/wp\/v2\/posts\/28133\/revisions\/28134"}],"wp:featuredmedia":[{"embeddable":true,"href":"https:\/\/breezy.band\/az-az\/wp-json\/wp\/v2\/media\/28061"}],"wp:attachment":[{"href":"https:\/\/breezy.band\/az-az\/wp-json\/wp\/v2\/media?parent=28133"}],"wp:term":[{"taxonomy":"category","embeddable":true,"href":"https:\/\/breezy.band\/az-az\/wp-json\/wp\/v2\/categories?post=28133"},{"taxonomy":"post_tag","embeddable":true,"href":"https:\/\/breezy.band\/az-az\/wp-json\/wp\/v2\/tags?post=28133"},{"taxonomy":"country","embeddable":true,"href":"https:\/\/breezy.band\/az-az\/wp-json\/wp\/v2\/country?post=28133"}],"curies":[{"name":"wp","href":"https:\/\/api.w.org\/{rel}","templated":true}]}}